{"id":204663,"date":"2022-09-23T20:44:48","date_gmt":"2022-09-23T23:44:48","guid":{"rendered":"https:\/\/diarioregionaldigital.com.br\/?p=204663"},"modified":"2022-09-23T20:44:48","modified_gmt":"2022-09-23T23:44:48","slug":"ciro-defende-corte-de-renuncias-fiscais-para-financiar-obras-paradas","status":"publish","type":"post","link":"https:\/\/diarioregionaldigital.com.br\/?p=204663","title":{"rendered":"Ciro defende corte de ren\u00fancias fiscais para financiar obras paradas"},"content":{"rendered":"<p>O candidato do PDT \u00e0 Presid\u00eancia da Rep\u00fablica, Ciro Gomes, afirmou que, caso eleito, retomar\u00e1 14 mil obras paradas no pa\u00eds. Ciro referiu-se, principalmente, a obras interrompidas a cerca de 20% de sua conclus\u00e3o. O pedetista defendeu retomar essas obras com verba de impostos arrecadados. Para isso, ele prop\u00f5e reduzir a quantidade de ren\u00fancias fiscais vigentes\u00a0hoje.<img decoding=\"async\" src=\"https:\/\/agenciabrasil.ebc.com.br\/ebc.png?id=1484068&amp;o=node\" \/><img decoding=\"async\" src=\"https:\/\/agenciabrasil.ebc.com.br\/ebc.gif?id=1484068&amp;o=node\" \/><\/p>\n<p>\u201cO dinheiro [para as obras] vir\u00e1 de um conjunto de provid\u00eancias. Mas a mais \u00f3bvia, num primeiro momento, \u00e9 cortar 20% de todas as ren\u00fancias fiscais.\u00a0Hoje\u00a0o Brasil dispensa de pagar imposto, por uma s\u00e9rie de privil\u00e9gios inexplic\u00e1veis, R$ 350 bilh\u00f5es por ano. Se eu corto 20%, eu tenho R$ 70 bilh\u00f5es, recurso suficiente para, em um ano, fazer uma grande virada nesse jogo\u201d, disse Ciro.<\/p>\n<p>As ren\u00fancias fiscais, contestadas por Ciro, s\u00e3o benef\u00edcios que o governo concede para diferentes setores da economia, abrindo m\u00e3o de receber parte dos impostos desses setores. Na pr\u00e1tica, \u00e9 uma decis\u00e3o do governo para reduzir encargos de empresas e, assim, estimular seus investimentos no mercado interno, gera\u00e7\u00e3o de empregos ou at\u00e9 mesmo frear cortes de pessoal.<\/p>\n<p>Ele falou a jornalistas ap\u00f3s um encontro com representantes da Confedera\u00e7\u00e3o Nacional dos Transportes (CNT) em seu comit\u00ea de campanha em S\u00e3o Paulo. Na estimativa de Ciro, retomar essas obras vai aquecer a economia, gerar 5 milh\u00f5es de empregos em dois anos, al\u00e9m dos benef\u00edcios que a pr\u00f3pria conclus\u00e3o das obras trar\u00e1. Segundo ele, existe um efeito n\u00e3o s\u00f3 em emprego, mas em qualidade de vida. \u201cPor exemplo, voc\u00ea termina uma obra de saneamento b\u00e1sico\u201d.<\/p>\n<h2>Agenda<\/h2>\n<p>Amanh\u00e3 (24) pela manh\u00e3, Ciro se reunir\u00e1 com representantes da Associa\u00e7\u00e3o Nacional dos Delegados de Pol\u00edcia Federal (ADPF). No final da tarde, ele segue para o debate dos presidenci\u00e1veis, realizado por um\u00a0pool\u00a0de comunica\u00e7\u00e3o composto por v\u00e1rios ve\u00edculos de m\u00eddia impressa, r\u00e1dio e televis\u00e3o.<\/p>\n<p><span style=\"font-weight: 400;\">Fonte: Ag\u00eancia Brasil <\/span><\/p>\n","protected":false},"excerpt":{"rendered":"<p>O candidato do PDT \u00e0 Presid\u00eancia da Rep\u00fablica, Ciro Gomes, afirmou que, caso eleito, retomar\u00e1 14 mil obras paradas no pa\u00eds. Ciro referiu-se, principalmente, a obras interrompidas a cerca de 20% de sua conclus\u00e3o. O pedetista defendeu retomar essas obras com verba de impostos arrecadados. Para isso, ele prop\u00f5e reduzir a quantidade de ren\u00fancias fiscais [&hellip;]<\/p>\n","protected":false},"author":246,"featured_media":204664,"comment_status":"closed","ping_status":"closed","sticky":false,"template":"","format":"standard","meta":{"footnotes":""},"categories":[436,254,439],"tags":[],"class_list":["post-204663","post","type-post","status-publish","format-standard","has-post-thumbnail","hentry","category-destaque-da-semana","category-politica","category-ultima-hora"],"_links":{"self":[{"href":"https:\/\/diarioregionaldigital.com.br\/index.php?rest_route=\/wp\/v2\/posts\/204663","targetHints":{"allow":["GET"]}}],"collection":[{"href":"https:\/\/diarioregionaldigital.com.br\/index.php?rest_route=\/wp\/v2\/posts"}],"about":[{"href":"https:\/\/diarioregionaldigital.com.br\/index.php?rest_route=\/wp\/v2\/types\/post"}],"author":[{"embeddable":true,"href":"https:\/\/diarioregionaldigital.com.br\/index.php?rest_route=\/wp\/v2\/users\/246"}],"replies":[{"embeddable":true,"href":"https:\/\/diarioregionaldigital.com.br\/index.php?rest_route=%2Fwp%2Fv2%2Fcomments&post=204663"}],"version-history":[{"count":1,"href":"https:\/\/diarioregionaldigital.com.br\/index.php?rest_route=\/wp\/v2\/posts\/204663\/revisions"}],"predecessor-version":[{"id":204665,"href":"https:\/\/diarioregionaldigital.com.br\/index.php?rest_route=\/wp\/v2\/posts\/204663\/revisions\/204665"}],"wp:featuredmedia":[{"embeddable":true,"href":"https:\/\/diarioregionaldigital.com.br\/index.php?rest_route=\/wp\/v2\/media\/204664"}],"wp:attachment":[{"href":"https:\/\/diarioregionaldigital.com.br\/index.php?rest_route=%2Fwp%2Fv2%2Fmedia&parent=204663"}],"wp:term":[{"taxonomy":"category","embeddable":true,"href":"https:\/\/diarioregionaldigital.com.br\/index.php?rest_route=%2Fwp%2Fv2%2Fcategories&post=204663"},{"taxonomy":"post_tag","embeddable":true,"href":"https:\/\/diarioregionaldigital.com.br\/index.php?rest_route=%2Fwp%2Fv2%2Ftags&post=204663"}],"curies":[{"name":"wp","href":"https:\/\/api.w.org\/{rel}","templated":true}]}}