{"id":204660,"date":"2022-09-23T20:41:35","date_gmt":"2022-09-23T23:41:35","guid":{"rendered":"https:\/\/diarioregionaldigital.com.br\/?p=204660"},"modified":"2022-09-23T20:41:35","modified_gmt":"2022-09-23T23:41:35","slug":"lula-diz-que-brasil-precisa-voltar-a-ser-um-pais-industrializado","status":"publish","type":"post","link":"https:\/\/diarioregionaldigital.com.br\/?p=204660","title":{"rendered":"Lula diz que Brasil precisa voltar a ser um pa\u00eds industrializado"},"content":{"rendered":"<p>O candidato a presidente Luiz In\u00e1cio Lula da Silva (PT) afirmou hoje (23), em coletiva de imprensa, que vai trabalhar para que o Brasil volte a ser um pa\u00eds com forte participa\u00e7\u00e3o da ind\u00fastria na economia. A declara\u00e7\u00e3o foi dada em Ipatinga (MG), cidade que fica no chamado Vale do A\u00e7o, leste mineiro, polo da siderurgia nacional.<img decoding=\"async\" src=\"https:\/\/agenciabrasil.ebc.com.br\/ebc.png?id=1484088&amp;o=node\" \/><img decoding=\"async\" src=\"https:\/\/agenciabrasil.ebc.com.br\/ebc.gif?id=1484088&amp;o=node\" \/><\/p>\n<p>&#8220;Volto a\u00a0Ipatinga num momento em que todos n\u00f3s estamos conscientes de que o Brasil precisa voltar a ser um pa\u00eds industrializado. No\u00a0pa\u00eds, que j\u00e1 teve um PIB industrial de 30%,\u00a0hoje\u00a0a ind\u00fastria representa menos de 11% do PIB&#8221;, destacou o candidato.<\/p>\n<p>O PIB \u00e9 a sigla de Produto Interno Bruto, que\u00a0corresponde \u00e0 soma dos\u00a0bens e servi\u00e7os produzidos no pa\u00eds. Para Lula, estimular o desenvolvimento da ind\u00fastria \u00e9 importante porque o setor gera um emprego de maior qualidade, com melhores sal\u00e1rios e exporta\u00e7\u00e3o de produtos de maior valor agregado. O presidenci\u00e1vel estava acompanhado de aliados pol\u00edticos mineiros. Ele ainda participa de um com\u00edcio no Parque Ipanema, na noite desta\u00a0sexta.<\/p>\n<p>Faltando praticamente uma semana para as elei\u00e7\u00f5es, o petista afirmou que est\u00e1 confiante de que vai ganhar as elei\u00e7\u00f5es presidenciais, independentemente de ser no 1\u00ba turno ou n\u00e3o. &#8220;Eu estou convencido que n\u00f3s temos muitas condi\u00e7\u00f5es de ganhar as elei\u00e7\u00f5es. A mim n\u00e3o importa se ser\u00e1 no 1\u00ba ou 2\u00ba turno. Todas as elei\u00e7\u00f5es que eu disputei, desde 1989, eu quis ganhar no 1\u00ba turno. N\u00e3o deu, paci\u00eancia. A gente pode ganhar no 2\u00ba turno&#8221;.<\/p>\n<p>Lula tamb\u00e9m foi questionado sobre se confia nas pesquisas eleitorais, a maioria das quais t\u00eam apontado sua lideran\u00e7a na corrida presidencial deste ano.\u00a0&#8220;Eu aprendi a n\u00e3o desacreditar em pesquisa. Obviamente, voc\u00ea precisa saber qual a pesquisa \u00e9 mais ou menos s\u00e9ria. \u00c9 bom a gente se balizar em dois ou tr\u00eas institutos&#8221;, apontou.<\/p>\n<p>O ex-presidente da Rep\u00fablica, que busca um terceiro mandato, ainda foi indagado sobre confian\u00e7a no sistema eleitoral do Brasil, e enfatizou que acredita na seriedade da Justi\u00e7a Eleitoral do pa\u00eds.\u00a0&#8220;Se a Justi\u00e7a Eleitoral e a urna eletr\u00f4nica tivessem a possibilidade de fazer o que o atual presidente fala, eu acho que jamais um metal\u00fargico teria sido eleito presidente da Rep\u00fablica nesse pa\u00eds. E jamais uma ex-prisioneira como a Dilma Rousseff poderia\u00a0ter\u00a0sido eleita presidente da Rep\u00fablica. Eu respeito a urna eletr\u00f4nica e respeito a seriedade [da Justi\u00e7a Eleitoral]&#8221;, afirmou. O candidato ainda lembrou que o Brasil \u00e9 a democracia na qual os resultados eleitorais s\u00e3o divulgados mais rapidamente em todo o mundo, apenas algumas horas ap\u00f3s o encerramento do pleito.<\/p>\n<p>Aos jornalistas, Lula confirmou que n\u00e3o participar\u00e1 do debate entre candidatos a presidente deste\u00a0s\u00e1bado\u00a0(24). Ele alegou motivos de agenda para cancelar sua ida no evento, que ser\u00e1 realizado, em conjunto, pelo\u00a0<em>pool<\/em>\u00a0de ve\u00edculos de m\u00eddia formado pelos canais de televis\u00e3o SBT e CNN Brasil, o jornal O Estado de S\u00e3o Paulo, a revista Veja, o portal de not\u00edcias Terra e a r\u00e1dio Nova Brasil FM.<\/p>\n<p><span style=\"font-weight: 400;\">Fonte: Ag\u00eancia Brasil <\/span><\/p>\n","protected":false},"excerpt":{"rendered":"<p>O candidato a presidente Luiz In\u00e1cio Lula da Silva (PT) afirmou hoje (23), em coletiva de imprensa, que vai trabalhar para que o Brasil volte a ser um pa\u00eds com forte participa\u00e7\u00e3o da ind\u00fastria na economia. A declara\u00e7\u00e3o foi dada em Ipatinga (MG), cidade que fica no chamado Vale do A\u00e7o, leste mineiro, polo da [&hellip;]<\/p>\n","protected":false},"author":246,"featured_media":204661,"comment_status":"closed","ping_status":"closed","sticky":false,"template":"","format":"standard","meta":{"footnotes":""},"categories":[436,254,439],"tags":[],"class_list":["post-204660","post","type-post","status-publish","format-standard","has-post-thumbnail","hentry","category-destaque-da-semana","category-politica","category-ultima-hora"],"_links":{"self":[{"href":"https:\/\/diarioregionaldigital.com.br\/index.php?rest_route=\/wp\/v2\/posts\/204660","targetHints":{"allow":["GET"]}}],"collection":[{"href":"https:\/\/diarioregionaldigital.com.br\/index.php?rest_route=\/wp\/v2\/posts"}],"about":[{"href":"https:\/\/diarioregionaldigital.com.br\/index.php?rest_route=\/wp\/v2\/types\/post"}],"author":[{"embeddable":true,"href":"https:\/\/diarioregionaldigital.com.br\/index.php?rest_route=\/wp\/v2\/users\/246"}],"replies":[{"embeddable":true,"href":"https:\/\/diarioregionaldigital.com.br\/index.php?rest_route=%2Fwp%2Fv2%2Fcomments&post=204660"}],"version-history":[{"count":1,"href":"https:\/\/diarioregionaldigital.com.br\/index.php?rest_route=\/wp\/v2\/posts\/204660\/revisions"}],"predecessor-version":[{"id":204662,"href":"https:\/\/diarioregionaldigital.com.br\/index.php?rest_route=\/wp\/v2\/posts\/204660\/revisions\/204662"}],"wp:featuredmedia":[{"embeddable":true,"href":"https:\/\/diarioregionaldigital.com.br\/index.php?rest_route=\/wp\/v2\/media\/204661"}],"wp:attachment":[{"href":"https:\/\/diarioregionaldigital.com.br\/index.php?rest_route=%2Fwp%2Fv2%2Fmedia&parent=204660"}],"wp:term":[{"taxonomy":"category","embeddable":true,"href":"https:\/\/diarioregionaldigital.com.br\/index.php?rest_route=%2Fwp%2Fv2%2Fcategories&post=204660"},{"taxonomy":"post_tag","embeddable":true,"href":"https:\/\/diarioregionaldigital.com.br\/index.php?rest_route=%2Fwp%2Fv2%2Ftags&post=204660"}],"curies":[{"name":"wp","href":"https:\/\/api.w.org\/{rel}","templated":true}]}}