{"id":204657,"date":"2022-09-23T20:39:30","date_gmt":"2022-09-23T23:39:30","guid":{"rendered":"https:\/\/diarioregionaldigital.com.br\/?p=204657"},"modified":"2022-09-23T20:39:30","modified_gmt":"2022-09-23T23:39:30","slug":"bolsonaro-indicara-ministros-contra-o-aborto-ao-stf-se-reeleito","status":"publish","type":"post","link":"https:\/\/diarioregionaldigital.com.br\/?p=204657","title":{"rendered":"Bolsonaro indicar\u00e1 ministros contra o aborto ao STF, se reeleito"},"content":{"rendered":"<p>O candidato \u00e0 reelei\u00e7\u00e3o pelo PL Jair Bolsonaro disse hoje (23) que, se reeleito, vai escolher ministros para o Supremo Tribunal Federal (STF) que sejam contr\u00e1rios \u00e0 legaliza\u00e7\u00e3o do aborto. \u201cN\u00e3o vamos discutir aborto no Brasil. E n\u00e3o se esque\u00e7am que, quem se eleger presidente esse ano, indica dois ministros para ocupar o Supremo Tribunal Federal ano quem vem. Em sendo reeleito, esses dois que v\u00e3o para l\u00e1 jamais ser\u00e3o favor\u00e1veis ao aborto tamb\u00e9m\u201d, disse, em com\u00edcio em Divin\u00f3polis (MG).<img decoding=\"async\" src=\"https:\/\/agenciabrasil.ebc.com.br\/ebc.png?id=1484010&amp;o=node\" \/><img decoding=\"async\" src=\"https:\/\/agenciabrasil.ebc.com.br\/ebc.gif?id=1484010&amp;o=node\" \/><\/p>\n<p>Em 2023, duas vagas ser\u00e3o abertas no STF com a aposentadoria dos ministros Ricardo Lewandowski e Rosa Weber. \u00c9 prerrogativa do Presidente da Rep\u00fablica indicar os novos nomes. Durante o seu governo, Bolsonaro nomeou dois ministros, Kassio Nunes Marques e Andr\u00e9 Mendon\u00e7a.<\/p>\n<p>H\u00e1, no STF, uma a\u00e7\u00e3o que pede a descriminaliza\u00e7\u00e3o do aborto. Ela est\u00e1 parada sob relatoria da ministra Rosa Weber, atual presidente da Corte. No Brasil, o aborto \u00e9 permitido em tr\u00eas situa\u00e7\u00f5es: em caso de estupro, quando h\u00e1 risco de vida para a m\u00e3e e se o feto tem anencefalia.<\/p>\n<p>Antes do com\u00edcio, Bolsonaro fez um passeio de moto pelas ruas de Divin\u00f3polis e cumprimentou apoiadores.<\/p>\n<p>\u00c0 tarde, no deslocamento para\u00a0Belo Horizonte, o avi\u00e3o que transportava o\u00a0candidato teve que arremeter antes de pousar no Aeroporto da Pampulha. Mais cedo, uma aeronave havia\u00a0atropelado uma ave na pista, impedindo outras opera\u00e7\u00f5es de pouso. A assessoria de Bolsonaro informou que, segundo a FAB, o procedimento \u00e9 normal.<\/p>\n<p>\u00c0 noite, Bolsonaro participou de com\u00edcio no munic\u00edpio de Contagem, na regi\u00e3o metropolitana de Belo Horizonte. Ele relembrou os momentos vividos pelo o pa\u00eds durante a pandemia.<\/p>\n<p>\u201cVoc\u00eas sabem os momentos dif\u00edceis que passamos na pandemia. Lamentamos as mortes. Assistimos muitos governadores fecharam igrejas, que n\u00e3o s\u00e3o fechadas nem em \u00e9poca de guerra. O que \u00e9 melhor para n\u00f3s \u00e9 a nossa liberdade. Eu estava na contram\u00e3o da hist\u00f3ria. Falava com convic\u00e7\u00e3o. N\u00e3o errei nenhuma das minhas observa\u00e7\u00f5es. Eu n\u00e3o fechei uma s\u00f3 casa de com\u00e9rcio no Brasil. Falei que as escolas n\u00e3o poderiam ser fechadas. As crian\u00e7as s\u00e3o assintom\u00e1ticas, assim como os jovens s\u00e3o assintom\u00e1tico. Contraem e n\u00e3o se percebe. O perigo s\u00e3o os mais idosos e quem tinha comorbidade. Quase quebraram o Brasil, buscando colapsar a nossa economia\u201d, disse Bolsonaro.<\/p>\n<p><span style=\"font-weight: 400;\">Fonte: Ag\u00eancia Brasil <\/span><\/p>\n","protected":false},"excerpt":{"rendered":"<p>O candidato \u00e0 reelei\u00e7\u00e3o pelo PL Jair Bolsonaro disse hoje (23) que, se reeleito, vai escolher ministros para o Supremo Tribunal Federal (STF) que sejam contr\u00e1rios \u00e0 legaliza\u00e7\u00e3o do aborto. \u201cN\u00e3o vamos discutir aborto no Brasil. E n\u00e3o se esque\u00e7am que, quem se eleger presidente esse ano, indica dois ministros para ocupar o Supremo Tribunal [&hellip;]<\/p>\n","protected":false},"author":246,"featured_media":204658,"comment_status":"closed","ping_status":"closed","sticky":false,"template":"","format":"standard","meta":{"footnotes":""},"categories":[436,440,254,439],"tags":[],"class_list":["post-204657","post","type-post","status-publish","format-standard","has-post-thumbnail","hentry","category-destaque-da-semana","category-destaques-do-dia","category-politica","category-ultima-hora"],"_links":{"self":[{"href":"https:\/\/diarioregionaldigital.com.br\/index.php?rest_route=\/wp\/v2\/posts\/204657","targetHints":{"allow":["GET"]}}],"collection":[{"href":"https:\/\/diarioregionaldigital.com.br\/index.php?rest_route=\/wp\/v2\/posts"}],"about":[{"href":"https:\/\/diarioregionaldigital.com.br\/index.php?rest_route=\/wp\/v2\/types\/post"}],"author":[{"embeddable":true,"href":"https:\/\/diarioregionaldigital.com.br\/index.php?rest_route=\/wp\/v2\/users\/246"}],"replies":[{"embeddable":true,"href":"https:\/\/diarioregionaldigital.com.br\/index.php?rest_route=%2Fwp%2Fv2%2Fcomments&post=204657"}],"version-history":[{"count":1,"href":"https:\/\/diarioregionaldigital.com.br\/index.php?rest_route=\/wp\/v2\/posts\/204657\/revisions"}],"predecessor-version":[{"id":204659,"href":"https:\/\/diarioregionaldigital.com.br\/index.php?rest_route=\/wp\/v2\/posts\/204657\/revisions\/204659"}],"wp:featuredmedia":[{"embeddable":true,"href":"https:\/\/diarioregionaldigital.com.br\/index.php?rest_route=\/wp\/v2\/media\/204658"}],"wp:attachment":[{"href":"https:\/\/diarioregionaldigital.com.br\/index.php?rest_route=%2Fwp%2Fv2%2Fmedia&parent=204657"}],"wp:term":[{"taxonomy":"category","embeddable":true,"href":"https:\/\/diarioregionaldigital.com.br\/index.php?rest_route=%2Fwp%2Fv2%2Fcategories&post=204657"},{"taxonomy":"post_tag","embeddable":true,"href":"https:\/\/diarioregionaldigital.com.br\/index.php?rest_route=%2Fwp%2Fv2%2Ftags&post=204657"}],"curies":[{"name":"wp","href":"https:\/\/api.w.org\/{rel}","templated":true}]}}