{"id":204645,"date":"2022-09-23T20:23:18","date_gmt":"2022-09-23T23:23:18","guid":{"rendered":"https:\/\/diarioregionaldigital.com.br\/?p=204645"},"modified":"2022-09-23T20:23:18","modified_gmt":"2022-09-23T23:23:18","slug":"pais-podem-negociar-reajuste-nas-mensalidades-com-as-escolas","status":"publish","type":"post","link":"https:\/\/diarioregionaldigital.com.br\/?p=204645","title":{"rendered":"Pais podem negociar reajuste nas mensalidades com as escolas"},"content":{"rendered":"<p>Fim do ano chegando e junto com ele o per\u00edodo de renova\u00e7\u00e3o de matr\u00edcula nas escolas e do reajuste das mensalidades. Os pais ficam sempre de olho no percentual que vai ser aplicado sobre as taxas escolares. Mas ser\u00e1 que existe um valor m\u00e1ximo de reajuste permitido? \u00c9 poss\u00edvel negociar esse aumento? Quem os pais devem procurar se considerarem o percentual abusivo?<img decoding=\"async\" src=\"https:\/\/agenciabrasil.ebc.com.br\/ebc.png?id=1483996&amp;o=node\" \/><img decoding=\"async\" src=\"https:\/\/agenciabrasil.ebc.com.br\/ebc.gif?id=1483996&amp;o=node\" \/><\/p>\n<p>A presidente do Sindicato dos Estabelecimentos Particulares de Ensino no DF (Sinepe), Ana Elisa Dumont, explicou que n\u00e3o existe um percentual m\u00e1ximo que as escolas devem aplicar de reajuste determinado pela legisla\u00e7\u00e3o. O que est\u00e1 em vigor \u00e9 a Lei de\u00a0Mensalidades que determina que as escolas devem apresentar aos pais, quando solicitado, \u00a0uma planilha de custos que justifique o aumento nas taxas.\u00a0E esse valor pode variar de acordo com a proposta pedag\u00f3gica da institui\u00e7\u00e3o, com melhorias na estrutura f\u00edsica e com carga hor\u00e1ria. Ana Elisa destacou que \u00e9 imposs\u00edvel determinar um valor padr\u00e3o de reajuste j\u00e1 que cada escola oferece servi\u00e7os diferentes.<\/p>\n<p>\u201cN\u00e3o h\u00e1 como ser um reajuste \u00fanico para todas as escolas tendo em vista que elas t\u00eam propostas pedag\u00f3gicas diferentes, per\u00edodos diferentes e aulas diferentes. A precifica\u00e7\u00e3o das mensalidades \u00e9 feita com base no que \u00e9 fornecido\u00a0dentro dessa planilha de custos e n\u00e3o mensurado com um \u00edndice espec\u00edfico.\u201d<\/p>\n<p>Mas o fato de n\u00e3o existir um teto para o aumento das mensalidades escolares n\u00e3o quer dizer que os pais n\u00e3o possam negociar esses valores. O presidente da Associa\u00e7\u00e3o de Pais e Alunos de Institui\u00e7\u00f5es Particulares de\u00a0Ensino do DF (Aspa), Alexandre Veloso, explicou que os pais podem e devem pedir que as escolas apresentem as planilhas de custo que justifiquem o reajuste nas mensalidades.<\/p>\n<p>Al\u00e9m disso, \u00e9 poss\u00edvel abrir uma negocia\u00e7\u00e3o de descontos em cima dos novos valores, apesar de as institui\u00e7\u00f5es n\u00e3o serem obrigadas, por lei, a concederem esse abatimento.<\/p>\n<p>Alexandre sugere que os pais se re\u00fanam em grupos para visitar a dire\u00e7\u00e3o das escolas e tentar sensibilizar os gestores em rela\u00e7\u00e3o \u00e0 situa\u00e7\u00e3o econ\u00f4mica do pa\u00eds nesse cen\u00e1rio de p\u00f3s-pandemia.<\/p>\n<p>\u201cA grande maioria dos pais, a massa de servidores p\u00fablicos, n\u00e3o teve qualquer tipo de aumento nesse per\u00edodo. E bem como os pr\u00f3prios pais e respons\u00e1veis da atividade privada tamb\u00e9m tiveram uma queda de arrecada\u00e7\u00e3o.\u201d<\/p>\n<p>Outro ponto que \u00e9 preciso ficar atento \u00e9 o de venda casada: as escolas n\u00e3o podem condicionar a compra de materiais e uniformes com outras taxas escolares. Alexandre destacou ainda que \u00e9 importante que os pais leiam o contrato de presta\u00e7\u00e3o de servi\u00e7os e fiquem atentos a itens como juros para atrasos de mensalidade e multas rescis\u00f3rias.<\/p>\n<p>Em caso de d\u00favida, as fam\u00edlias podem procurar o Procon ou o Minist\u00e9rio P\u00fablico de Prote\u00e7\u00e3o \u00e0 Educa\u00e7\u00e3o de seus estados.<\/p>\n<p><span style=\"font-weight: 400;\">Fonte: Ag\u00eancia Brasil <\/span><\/p>\n","protected":false},"excerpt":{"rendered":"<p>Fim do ano chegando e junto com ele o per\u00edodo de renova\u00e7\u00e3o de matr\u00edcula nas escolas e do reajuste das mensalidades. Os pais ficam sempre de olho no percentual que vai ser aplicado sobre as taxas escolares. Mas ser\u00e1 que existe um valor m\u00e1ximo de reajuste permitido? \u00c9 poss\u00edvel negociar esse aumento? Quem os pais [&hellip;]<\/p>\n","protected":false},"author":246,"featured_media":204646,"comment_status":"closed","ping_status":"closed","sticky":false,"template":"","format":"standard","meta":{"footnotes":""},"categories":[436,440,261,439],"tags":[],"class_list":["post-204645","post","type-post","status-publish","format-standard","has-post-thumbnail","hentry","category-destaque-da-semana","category-destaques-do-dia","category-economia","category-ultima-hora"],"_links":{"self":[{"href":"https:\/\/diarioregionaldigital.com.br\/index.php?rest_route=\/wp\/v2\/posts\/204645","targetHints":{"allow":["GET"]}}],"collection":[{"href":"https:\/\/diarioregionaldigital.com.br\/index.php?rest_route=\/wp\/v2\/posts"}],"about":[{"href":"https:\/\/diarioregionaldigital.com.br\/index.php?rest_route=\/wp\/v2\/types\/post"}],"author":[{"embeddable":true,"href":"https:\/\/diarioregionaldigital.com.br\/index.php?rest_route=\/wp\/v2\/users\/246"}],"replies":[{"embeddable":true,"href":"https:\/\/diarioregionaldigital.com.br\/index.php?rest_route=%2Fwp%2Fv2%2Fcomments&post=204645"}],"version-history":[{"count":1,"href":"https:\/\/diarioregionaldigital.com.br\/index.php?rest_route=\/wp\/v2\/posts\/204645\/revisions"}],"predecessor-version":[{"id":204647,"href":"https:\/\/diarioregionaldigital.com.br\/index.php?rest_route=\/wp\/v2\/posts\/204645\/revisions\/204647"}],"wp:featuredmedia":[{"embeddable":true,"href":"https:\/\/diarioregionaldigital.com.br\/index.php?rest_route=\/wp\/v2\/media\/204646"}],"wp:attachment":[{"href":"https:\/\/diarioregionaldigital.com.br\/index.php?rest_route=%2Fwp%2Fv2%2Fmedia&parent=204645"}],"wp:term":[{"taxonomy":"category","embeddable":true,"href":"https:\/\/diarioregionaldigital.com.br\/index.php?rest_route=%2Fwp%2Fv2%2Fcategories&post=204645"},{"taxonomy":"post_tag","embeddable":true,"href":"https:\/\/diarioregionaldigital.com.br\/index.php?rest_route=%2Fwp%2Fv2%2Ftags&post=204645"}],"curies":[{"name":"wp","href":"https:\/\/api.w.org\/{rel}","templated":true}]}}