{"id":204636,"date":"2022-09-22T21:29:57","date_gmt":"2022-09-23T00:29:57","guid":{"rendered":"https:\/\/diarioregionaldigital.com.br\/?p=204636"},"modified":"2022-09-22T21:29:57","modified_gmt":"2022-09-23T00:29:57","slug":"obras-da-nova-rede-tronco-do-bairro-salvaterra-avancam-na-avenida-deusdedith-salgado","status":"publish","type":"post","link":"https:\/\/diarioregionaldigital.com.br\/?p=204636","title":{"rendered":"Obras da nova rede tronco do bairro Salvaterra avan\u00e7am na Avenida Deusdedith Salgado"},"content":{"rendered":"<p>Segundo informa\u00e7\u00f5es do site da Prefeitura de Juiz de Fora (PJF), as obras de implanta\u00e7\u00e3o dos 8.900 metros da nova rede tronco do bairro Salvaterra avan\u00e7am pela Avenida Deusdedith Salgado. Agora, os servi\u00e7os est\u00e3o focados na altura do n\u00famero 3.865, onde est\u00e3o sendo implantados tubos de ferro fundido, com 300 mil\u00edmetros de di\u00e2metro. Para a condu\u00e7\u00e3o dos trabalhos, o tr\u00e2nsito local est\u00e1 funcionando em meia pista.<\/p>\n<p>\u201cUma rede tronco opera como a tubula\u00e7\u00e3o principal de um determinado trecho, seja refor\u00e7ando o abastecimento de uma \u00e1rea em crescimento ou levando \u00e1gua para uma regi\u00e3o que n\u00e3o integra o nosso sistema, mas que possui potencial para novos empreendimentos\u201d, explicou o diretor de desenvolvimento e expans\u00e3o da Companhia de Saneamento Municipal (Cesama), Marcelo Mello do Amaral.<\/p>\n<p>At\u00e9 ent\u00e3o, o trecho entre os bairros Teixeiras e Salvaterra n\u00e3o era atendido pela Cesama, mas por po\u00e7os rasos e, em alguns casos, po\u00e7os profundos de pequena vaz\u00e3o. Por\u00e9m, por se tratar de uma regi\u00e3o com potencial de expans\u00e3o, prevista no Plano de Saneamento B\u00e1sico de Juiz de Fora (PSB\/JF), a companhia iniciou em junho a implanta\u00e7\u00e3o desta infraestrutura de fornecimento de \u00e1gua. A previs\u00e3o \u00e9 de que a interven\u00e7\u00e3o seja finalizada em fevereiro de 2023. A obra representa um investimento de mais de R$ 5 milh\u00f5es em saneamento b\u00e1sico.<\/p>\n","protected":false},"excerpt":{"rendered":"<p>Segundo informa\u00e7\u00f5es do site da Prefeitura de Juiz de Fora (PJF), as obras de implanta\u00e7\u00e3o dos 8.900 metros da nova rede tronco do bairro Salvaterra avan\u00e7am pela Avenida Deusdedith Salgado. Agora, os servi\u00e7os est\u00e3o focados na altura do n\u00famero 3.865, onde est\u00e3o sendo implantados tubos de ferro fundido, com 300 mil\u00edmetros de di\u00e2metro. Para a [&hellip;]<\/p>\n","protected":false},"author":246,"featured_media":204637,"comment_status":"closed","ping_status":"closed","sticky":false,"template":"","format":"standard","meta":{"footnotes":""},"categories":[253,436,439],"tags":[],"class_list":["post-204636","post","type-post","status-publish","format-standard","has-post-thumbnail","hentry","category-cidade","category-destaque-da-semana","category-ultima-hora"],"_links":{"self":[{"href":"https:\/\/diarioregionaldigital.com.br\/index.php?rest_route=\/wp\/v2\/posts\/204636","targetHints":{"allow":["GET"]}}],"collection":[{"href":"https:\/\/diarioregionaldigital.com.br\/index.php?rest_route=\/wp\/v2\/posts"}],"about":[{"href":"https:\/\/diarioregionaldigital.com.br\/index.php?rest_route=\/wp\/v2\/types\/post"}],"author":[{"embeddable":true,"href":"https:\/\/diarioregionaldigital.com.br\/index.php?rest_route=\/wp\/v2\/users\/246"}],"replies":[{"embeddable":true,"href":"https:\/\/diarioregionaldigital.com.br\/index.php?rest_route=%2Fwp%2Fv2%2Fcomments&post=204636"}],"version-history":[{"count":1,"href":"https:\/\/diarioregionaldigital.com.br\/index.php?rest_route=\/wp\/v2\/posts\/204636\/revisions"}],"predecessor-version":[{"id":204638,"href":"https:\/\/diarioregionaldigital.com.br\/index.php?rest_route=\/wp\/v2\/posts\/204636\/revisions\/204638"}],"wp:featuredmedia":[{"embeddable":true,"href":"https:\/\/diarioregionaldigital.com.br\/index.php?rest_route=\/wp\/v2\/media\/204637"}],"wp:attachment":[{"href":"https:\/\/diarioregionaldigital.com.br\/index.php?rest_route=%2Fwp%2Fv2%2Fmedia&parent=204636"}],"wp:term":[{"taxonomy":"category","embeddable":true,"href":"https:\/\/diarioregionaldigital.com.br\/index.php?rest_route=%2Fwp%2Fv2%2Fcategories&post=204636"},{"taxonomy":"post_tag","embeddable":true,"href":"https:\/\/diarioregionaldigital.com.br\/index.php?rest_route=%2Fwp%2Fv2%2Ftags&post=204636"}],"curies":[{"name":"wp","href":"https:\/\/api.w.org\/{rel}","templated":true}]}}