{"id":204632,"date":"2022-09-22T21:19:38","date_gmt":"2022-09-23T00:19:38","guid":{"rendered":"https:\/\/diarioregionaldigital.com.br\/?p=204632"},"modified":"2022-09-22T21:19:38","modified_gmt":"2022-09-23T00:19:38","slug":"pjf-lanca-programacao-para-comemorar-o-dia-mundial-do-turismo","status":"publish","type":"post","link":"https:\/\/diarioregionaldigital.com.br\/?p=204632","title":{"rendered":"PJF lan\u00e7a programa\u00e7\u00e3o para comemorar o \u201cDia Mundial do Turismo\u201d"},"content":{"rendered":"<p>Segundo informa\u00e7\u00f5es do site da Prefeitura de Juiz de Fora (PJF), foi preprada\u00a0uma programa\u00e7\u00e3o especial para comemorar o Dia Mundial do Turismo, celebrado em 27 de setembro. Ser\u00e3o realizadas visitas e caminhadas guiadas pelos pontos tur\u00edsticos tradicionais de Juiz de Fora e outros ainda pouco conhecidos. Os roteiros s\u00e3o diversificados, e incluem museus, arquitetura urbana e atrativos tur\u00edsticos. <a href=\"https:\/\/docs.google.com\/forms\/d\/1fnvrbfHa6lio_zla_DH7efXxBgCK36PqIz1ZvlaHBQQ\/viewform?edit_requested=true\"><strong>As inscri\u00e7\u00f5es podem ser feitas no link<\/strong><\/a>.<\/p>\n<p>O evento intitulado \u201cCaminhando pela Hist\u00f3ria&#8221; ocorrer\u00e1 de 26 a 30 de setembro e \u00e9 voltado para moradores e turistas, mediante inscri\u00e7\u00e3o por meio de um formul\u00e1rio eletr\u00f4nico. Ser\u00e3o ofertadas, de forma gratuita, de 15 a 20 vagas, de acordo com o passeio escolhido, que ser\u00e3o preenchidas por ordem de cadastro. O p\u00fablico pode participar de duas ou mais visitas, desde que haja disponibilidade.<\/p>\n<p>As atividades ser\u00e3o guiadas por historiador, turism\u00f3logos, guia de turismo e estagi\u00e1rios da Setur. A a\u00e7\u00e3o ser\u00e1 uma grande oportunidade de trazer novos olhares sobre a hist\u00f3ria e patrim\u00f4nios de Juiz de Fora, valorizando o que a cidade oferece de melhor. Al\u00e9m disso, se objetiva realizar um trabalho de conscientiza\u00e7\u00e3o para estimular o turismo dom\u00e9stico e atrair visitantes para conhecerem o munic\u00edpio. A organiza\u00e7\u00e3o \u00e9 da Secretaria de Turismo (Setur).<\/p>\n<p>A caminhada j\u00e1 ocorreu em anos anteriores e foi um grande sucesso. O destaque de 2022 \u00e9 que, pela primeira vez, ser\u00e3o realizadas a\u00e7\u00f5es durante toda semana. O p\u00fablico ter\u00e1 a oportunidade de participar da \u201cCaminhada Juiz de Fora Negra\u201d, a\u00e7\u00e3o com foco no turismo de mem\u00f3ria, baseado nas hist\u00f3rias constru\u00eddas pelo povo negro na cidade. O projeto \u00e9 uma realiza\u00e7\u00e3o da produtora DaMata e o guiamento ser\u00e1 feito pela turism\u00f3loga e guia de turismo P\u00e2mella Stefanie do Nascimento.<\/p>\n<p>\u201cEssa \u00e9 uma iniciativa de afroturismo que tem como objetivo a valoriza\u00e7\u00e3o, a reconex\u00e3o com a identidades, trazendo o sujeito negro enquanto protagonista dessa hist\u00f3ria. Quem for fazer a caminhada na segunda-feira, pode ter certeza que a gente vai exaltar e resgatar a hist\u00f3ria da popula\u00e7\u00e3o negra espalhada pela cidade,\u00a0 vamos criar um novo olhar, uma nova perspectiva de quem caminha pelo centro de Juiz de Fora\u201d, pontuou P\u00e2mella.<\/p>\n<p>Al\u00e9m disso, ser\u00e1 realizada uma visita in\u00e9dita no espa\u00e7o onde \u00e9 fabricada a centen\u00e1ria cerveja artesanal \u201cHofbauer\u201d, no convento constru\u00eddo pela Congrega\u00e7\u00e3o Redentorista no fim do s\u00e9culo XIX, na Igreja Nossa Senhora da Gl\u00f3ria. A\u00a0instala\u00e7\u00e3o\u00a0 \u00e9, talvez, a \u00fanica em atividade na Am\u00e9rica do Sul. A gerente de Regionaliza\u00e7\u00e3o do Turismo da Setur, Mayara Paiva, destaca que a visita vai somar para que a cerveja produzida em Juiz de Fora seja consagrada cada vez mais como um importante produto tur\u00edstico.<\/p>\n<p>Durante a Semana do Turismo,\u00a0 os participantes tamb\u00e9m ir\u00e3o conhecer a hist\u00f3ria e curiosidades do Cine-Theatro Central, dos pain\u00e9is de C\u00e2ndido Portinari, do Pa\u00e7o Municipal, do Museu do Cr\u00e9dito Real, da Pra\u00e7a da Esta\u00e7\u00e3o, do Mercado Municipal,\u00a0 do Centro Cultural Bernardo Mascarenhas (CCBM), do Museu Ferrovi\u00e1rio,\u00a0 da Pra\u00e7a do Riachuelo, da C\u00e2mara Municipal, do F\u00f3rum da Cultura, do Memorial da Rep\u00fablica, Museu de Arte Murilo Mendes (Mamm) e do Col\u00e9gio Santa Catarina. Al\u00e9m de contemplar as estrelas no Observat\u00f3rio do Centro de Ci\u00eancias da UFJF.<\/p>\n<p>Para o secret\u00e1rio de Turismo, Marcelo do Carmo,\u201cessa \u00e9 uma programa\u00e7\u00e3o diversificada, aberta e democr\u00e1tica. A a\u00e7\u00e3o ratifica a import\u00e2ncia do turismo e da atividade tur\u00edstica feita de maneira profissional em Juiz de Fora, comprovando a import\u00e2ncia que o setor tem para o governo atual. Em um ano e dez meses de trabalho, a Secretaria de Turismo estruturou as atividades, e agora come\u00e7a a apresentar para a popula\u00e7\u00e3o o enorme potencial tur\u00edstico que a cidade tem para oferecer\u201d.<\/p>\n<p><strong>Confira a programa\u00e7\u00e3o completa:<\/strong><br \/>\n<strong>Segunda-feira, dia 26\u00a0<\/strong><br \/>\n<strong>Manh\u00e3 (20 vagas)<\/strong><\/p>\n<p><strong>11h &#8211;<\/strong>\u00a0\u201cCaminhada Juiz de Fora Negra\u201d, in\u00edcio Pa\u00e7o Municipal, localizado na avenida Bar\u00e3o do Rio Branco,\u00a0\u00a02234, centro<\/p>\n<p>&nbsp;<\/p>\n<p><strong>Ter\u00e7a-feira, dia 27\u00a0<\/strong><br \/>\n<strong>Manh\u00e3 (20 vagas)<\/strong><\/p>\n<p>&nbsp;<\/p>\n<p><strong>08h45\u00a0<\/strong>&#8211; In\u00edcio da caminhada no Pa\u00e7o Municipal, localizado na avenida Bar\u00e3o do Rio Branco,\u00a0\u00a02234, centro<\/p>\n<p>&nbsp;<\/p>\n<p>Caminhada pelo Cal\u00e7ad\u00e3o da Rua Halfeld (breve hist\u00f3rico)<\/p>\n<p>&nbsp;<\/p>\n<p>Pain\u00e9is Portinari &#8211; \u201cQuatro Esta\u00e7\u00f5es\u201d e \u201cCavalos\u201d (breve hist\u00f3rico)<\/p>\n<p>&nbsp;<\/p>\n<p>Cine-Theatro Central (visita guiada)<\/p>\n<p>&nbsp;<\/p>\n<p>Museu do Cr\u00e9dito Real (breve hist\u00f3rico)<\/p>\n<p>&nbsp;<\/p>\n<p>Pra\u00e7a da Esta\u00e7\u00e3o (breve hist\u00f3rico)<\/p>\n<p>&nbsp;<\/p>\n<p>Mercado Municipal e Centro Cultural Bernardo Mascarenhas (CCBM) (visita guiada)<\/p>\n<p>&nbsp;<\/p>\n<p>Museu Ferrovi\u00e1rio (visita guiada)<\/p>\n<p>&nbsp;<\/p>\n<p>Fim do passeio.<br \/>\n<strong>Tarde (15 vagas)<\/strong><\/p>\n<p><strong>14h-<\/strong>\u00a0Sa\u00edda do Col\u00e9gio Santa Catarina,\u00a0\u00a0localizado na avenida dos Andradas, 1036 &#8211; Morro da Gl\u00f3ria\u00a0(breve hist\u00f3rico)<\/p>\n<p>Tour pela Igreja Nossa Senhora da Gl\u00f3ria e Cemit\u00e9rio\u00a0 (breve hist\u00f3rico)<\/p>\n<p>F\u00e1brica da centen\u00e1ria cerveja artesanal Hofbauer, no convento da Igreja Nossa Senhora da Gl\u00f3ria (breve hist\u00f3rico)<\/p>\n<p>Fim do passeio.<\/p>\n<p><strong>Quarta-feira, dia 28\u00a0\u00a0<\/strong><br \/>\n<strong>Tarde (20 vagas)<\/strong><\/p>\n<p><strong>14h\u00a0<\/strong>&#8211; In\u00edcio da caminhada no Pa\u00e7o Municipal, localizado na avenida Bar\u00e3o do Rio Branco,\u00a0\u00a02234, centro\u00a0(breve hist\u00f3rico)<\/p>\n<p>C\u00e2mara Municipal\u00a0 (breve hist\u00f3rico)<\/p>\n<p>F\u00f3rum da Cultura (visita guiada)<\/p>\n<p>Museu de Artes Murilo Mendes (Mamm) (visita guiada)<\/p>\n<p>Memorial da Rep\u00fablica (visita guiada)<\/p>\n<p>Fim do passeio.<\/p>\n<p>&nbsp;<\/p>\n<p><strong>Quinta-feira, dia 29\u00a0<\/strong><br \/>\n<strong>Noite (20 vagas)<\/strong><\/p>\n<p><strong>19h<\/strong>\u00a0&#8211; In\u00edcio da caminhada no Centro de Ci\u00eancias da Universidade Federal de Juiz de Fora (UFJF), localizado no\u00a0Campus Universit\u00e1rio, Rua Jos\u00e9 Louren\u00e7o Kelmer, s\/n &#8211; S\u00e3o Pedro<\/p>\n<p>Observat\u00f3rio do Centro de Ci\u00eancias<\/p>\n<p>Fim do passeio.<\/p>\n<p>&nbsp;<\/p>\n<p><strong>Sexta-feira, 30\u00a0<\/strong><br \/>\n<strong>Tarde (15 vagas)<\/strong><\/p>\n<p><strong>14h\u00a0<\/strong>&#8211; In\u00edcio da caminhada no Museu Mariano Proc\u00f3pio, localizado na\u00a0rua Mariano Proc\u00f3pio, 1100, Mariano Proc\u00f3pio\u00a0\u00a0(breve hist\u00f3rico)<\/p>\n<p>Col\u00e9gio Santa Catarina<\/p>\n<p>Tour pela Igreja Nossa Senhora da Gl\u00f3ria e Cemit\u00e9rio\u00a0 (breve hist\u00f3rico)<\/p>\n<p>F\u00e1brica da centen\u00e1ria cerveja artesanal Hofbauer, no convento da Igreja Nossa Senhora da Gl\u00f3ria (breve hist\u00f3rico)<\/p>\n<p>Fim do passeio.<\/p>\n","protected":false},"excerpt":{"rendered":"<p>Segundo informa\u00e7\u00f5es do site da Prefeitura de Juiz de Fora (PJF), foi preprada\u00a0uma programa\u00e7\u00e3o especial para comemorar o Dia Mundial do Turismo, celebrado em 27 de setembro. Ser\u00e3o realizadas visitas e caminhadas guiadas pelos pontos tur\u00edsticos tradicionais de Juiz de Fora e outros ainda pouco conhecidos. Os roteiros s\u00e3o diversificados, e incluem museus, arquitetura urbana [&hellip;]<\/p>\n","protected":false},"author":246,"featured_media":204633,"comment_status":"closed","ping_status":"closed","sticky":false,"template":"","format":"standard","meta":{"footnotes":""},"categories":[253,436,439],"tags":[],"class_list":["post-204632","post","type-post","status-publish","format-standard","has-post-thumbnail","hentry","category-cidade","category-destaque-da-semana","category-ultima-hora"],"_links":{"self":[{"href":"https:\/\/diarioregionaldigital.com.br\/index.php?rest_route=\/wp\/v2\/posts\/204632","targetHints":{"allow":["GET"]}}],"collection":[{"href":"https:\/\/diarioregionaldigital.com.br\/index.php?rest_route=\/wp\/v2\/posts"}],"about":[{"href":"https:\/\/diarioregionaldigital.com.br\/index.php?rest_route=\/wp\/v2\/types\/post"}],"author":[{"embeddable":true,"href":"https:\/\/diarioregionaldigital.com.br\/index.php?rest_route=\/wp\/v2\/users\/246"}],"replies":[{"embeddable":true,"href":"https:\/\/diarioregionaldigital.com.br\/index.php?rest_route=%2Fwp%2Fv2%2Fcomments&post=204632"}],"version-history":[{"count":1,"href":"https:\/\/diarioregionaldigital.com.br\/index.php?rest_route=\/wp\/v2\/posts\/204632\/revisions"}],"predecessor-version":[{"id":204634,"href":"https:\/\/diarioregionaldigital.com.br\/index.php?rest_route=\/wp\/v2\/posts\/204632\/revisions\/204634"}],"wp:featuredmedia":[{"embeddable":true,"href":"https:\/\/diarioregionaldigital.com.br\/index.php?rest_route=\/wp\/v2\/media\/204633"}],"wp:attachment":[{"href":"https:\/\/diarioregionaldigital.com.br\/index.php?rest_route=%2Fwp%2Fv2%2Fmedia&parent=204632"}],"wp:term":[{"taxonomy":"category","embeddable":true,"href":"https:\/\/diarioregionaldigital.com.br\/index.php?rest_route=%2Fwp%2Fv2%2Fcategories&post=204632"},{"taxonomy":"post_tag","embeddable":true,"href":"https:\/\/diarioregionaldigital.com.br\/index.php?rest_route=%2Fwp%2Fv2%2Ftags&post=204632"}],"curies":[{"name":"wp","href":"https:\/\/api.w.org\/{rel}","templated":true}]}}