{"id":204629,"date":"2022-09-22T21:17:14","date_gmt":"2022-09-23T00:17:14","guid":{"rendered":"https:\/\/diarioregionaldigital.com.br\/?p=204629"},"modified":"2022-09-22T21:17:14","modified_gmt":"2022-09-23T00:17:14","slug":"pjf-discute-atendimento-sobre-o-decreto-de-abertura-e-fechamento-de-valas","status":"publish","type":"post","link":"https:\/\/diarioregionaldigital.com.br\/?p=204629","title":{"rendered":"PJF discute atendimento sobre o decreto de abertura e fechamento de valas"},"content":{"rendered":"<p>Segundo informa\u00e7\u00f5es do site da Prefeitura de Juiz de Fora (PJF), a\u00a0garantia e o cuidado com as vias p\u00fablicas para o fornecimento de servi\u00e7os norteou a reuni\u00e3o das secretarias envolvidas no licenciamento e emiss\u00e3o de alvar\u00e1s para abertura e fechamento de valas de acordo com o\u00a0<strong><a href=\"https:\/\/jflegis.pjf.mg.gov.br\/norma.php?chave=0000050741\">Decreto 15.486<\/a><\/strong>\u00a0de 30 de agosto de 2022, que disp\u00f5e sobre as diretrizes e autoriza\u00e7\u00f5es para interven\u00e7\u00f5es em logradouros p\u00fablicos de Juiz de Fora.<\/p>\n<p>O encontro aconteceu nesta quinta-feira, 22, na Secretaria de Sustentabilidade em Meio Ambiente e Atividades Urbanas (Sesmaur), para uma avalia\u00e7\u00e3o preliminar desde o in\u00edcio da vig\u00eancia e aprimoramento dos procedimentos das pastas envolvidas para que o atendimento seja mais \u00e1gil, desde a emiss\u00e3o de pareceres com prazos at\u00e9 a fiscaliza\u00e7\u00e3o.<\/p>\n<p>O Decreto \u00e9 importante para a popula\u00e7\u00e3o, tendo em vista que \u00e9 preciso padronizar e cobrar dos prestadores de servi\u00e7os a responsabilidade de manter ou melhorar as condi\u00e7\u00f5es dos logradouros onde fazem interven\u00e7\u00f5es.<\/p>\n<p>Para Lucas Campos, gerente do Departamento de Licenciamento de Obras e Parcelamentos Urbanos (DLU), \u201ccom o decreto, tanto os setores p\u00fablicos envolvidos, quanto \u00e0s empresas solicitantes de alvar\u00e1 t\u00eam responsabilidades, e a conclus\u00e3o e aceita\u00e7\u00e3o da cobertura da vala \u00e9 definida no termo de compromisso, assegurando qualidade e uniformidade nas vias\u201d.<\/p>\n<p>Estiveram presentes da reuni\u00e3o a arquiteta Isabela Canonico da Secretaria de Sustentabilidade em Meio Ambiente e Atividades Urbanas (Sesmaur) e representantes da Secretaria de Obras, Funda\u00e7\u00e3o Cultural Alfredo Ferreira Lage (Funalfa), Secretaria de Transforma\u00e7\u00e3o Digital e Administrativa (STDA), Cesama e Secretaria de Governo (SG).<\/p>\n","protected":false},"excerpt":{"rendered":"<p>Segundo informa\u00e7\u00f5es do site da Prefeitura de Juiz de Fora (PJF), a\u00a0garantia e o cuidado com as vias p\u00fablicas para o fornecimento de servi\u00e7os norteou a reuni\u00e3o das secretarias envolvidas no licenciamento e emiss\u00e3o de alvar\u00e1s para abertura e fechamento de valas de acordo com o\u00a0Decreto 15.486\u00a0de 30 de agosto de 2022, que disp\u00f5e sobre [&hellip;]<\/p>\n","protected":false},"author":246,"featured_media":204630,"comment_status":"closed","ping_status":"closed","sticky":false,"template":"","format":"standard","meta":{"footnotes":""},"categories":[253,436,440,439],"tags":[],"class_list":["post-204629","post","type-post","status-publish","format-standard","has-post-thumbnail","hentry","category-cidade","category-destaque-da-semana","category-destaques-do-dia","category-ultima-hora"],"_links":{"self":[{"href":"https:\/\/diarioregionaldigital.com.br\/index.php?rest_route=\/wp\/v2\/posts\/204629","targetHints":{"allow":["GET"]}}],"collection":[{"href":"https:\/\/diarioregionaldigital.com.br\/index.php?rest_route=\/wp\/v2\/posts"}],"about":[{"href":"https:\/\/diarioregionaldigital.com.br\/index.php?rest_route=\/wp\/v2\/types\/post"}],"author":[{"embeddable":true,"href":"https:\/\/diarioregionaldigital.com.br\/index.php?rest_route=\/wp\/v2\/users\/246"}],"replies":[{"embeddable":true,"href":"https:\/\/diarioregionaldigital.com.br\/index.php?rest_route=%2Fwp%2Fv2%2Fcomments&post=204629"}],"version-history":[{"count":1,"href":"https:\/\/diarioregionaldigital.com.br\/index.php?rest_route=\/wp\/v2\/posts\/204629\/revisions"}],"predecessor-version":[{"id":204631,"href":"https:\/\/diarioregionaldigital.com.br\/index.php?rest_route=\/wp\/v2\/posts\/204629\/revisions\/204631"}],"wp:featuredmedia":[{"embeddable":true,"href":"https:\/\/diarioregionaldigital.com.br\/index.php?rest_route=\/wp\/v2\/media\/204630"}],"wp:attachment":[{"href":"https:\/\/diarioregionaldigital.com.br\/index.php?rest_route=%2Fwp%2Fv2%2Fmedia&parent=204629"}],"wp:term":[{"taxonomy":"category","embeddable":true,"href":"https:\/\/diarioregionaldigital.com.br\/index.php?rest_route=%2Fwp%2Fv2%2Fcategories&post=204629"},{"taxonomy":"post_tag","embeddable":true,"href":"https:\/\/diarioregionaldigital.com.br\/index.php?rest_route=%2Fwp%2Fv2%2Ftags&post=204629"}],"curies":[{"name":"wp","href":"https:\/\/api.w.org\/{rel}","templated":true}]}}