{"id":204626,"date":"2022-09-22T21:02:06","date_gmt":"2022-09-23T00:02:06","guid":{"rendered":"https:\/\/diarioregionaldigital.com.br\/?p=204626"},"modified":"2022-09-22T21:02:06","modified_gmt":"2022-09-23T00:02:06","slug":"selecoes-de-rugby-sao-convocadas-para-sul-americano-da-odesur","status":"publish","type":"post","link":"https:\/\/diarioregionaldigital.com.br\/?p=204626","title":{"rendered":"Sele\u00e7\u00f5es de rugby s\u00e3o convocadas para Sul-americano da Odesur"},"content":{"rendered":"<p>A Confedera\u00e7\u00e3o Brasileira de Rugby anunciou nesta quarta-feira (21) as convoca\u00e7\u00f5es das sele\u00e7\u00f5es masculina e feminina de rugby sevens para a disputa dos Jogos Sul-americanos da Odesur, que ser\u00e3o disputados entre os dias 7 e 9 de outubro no est\u00e1dio H\u00e9roes de Curupayti, em Assun\u00e7\u00e3o (Paraguai).<img decoding=\"async\" src=\"https:\/\/agenciabrasil.ebc.com.br\/ebc.png?id=1483703&amp;o=node\" \/><img decoding=\"async\" src=\"https:\/\/agenciabrasil.ebc.com.br\/ebc.gif?id=1483703&amp;o=node\" \/><\/p>\n<p>A competi\u00e7\u00e3o masculina servir\u00e1 de qualificat\u00f3ria para os Jogos Pan-Americanos de 2023, que ser\u00e3o sediados em Santiago (Chile). Ao todo, a Am\u00e9rica do Sul conta com quatro vagas no Pan, sendo duas em disputa nos Jogos Sul-americanos, uma em torneio posterior a ser definido e uma j\u00e1 assegurada para o Chile, pa\u00eds sede.<\/p>\n<p>A sele\u00e7\u00e3o feminina disputa os Sul-americanos da Odesur em situa\u00e7\u00e3o mais tranquila, pois j\u00e1 tem presen\u00e7a garantida no Pan de Santiago ap\u00f3s a conquista do Sul-Americano disputado em Saquarema em junho. A equipe comandada por Will Broderick est\u00e1 no Grupo A da competi\u00e7\u00e3o, ao lado de Chile e Uruguai.<\/p>\n<h2>Convoca\u00e7\u00e3o da sele\u00e7\u00e3o feminina:<\/h2>\n<p>Aline Furtado (USP), Andressa Alves (El-Shaddai), Anne Oliveira (El-Shaddai), Bianca Silva (Leoas de Parais\u00f3polis), Camilla Isis Carvalho (El-Shaddai), Eshyllen Coimbra (El-Shaddai), Isadora Lopes (Melina), Luiza Campos (Charrua), Marcelle Souza (El-Shaddai), Mariana Nicolau (S\u00e3o Jos\u00e9), Marina \u201cTchoba\u201d Fioravanti (Band Saracens) e Thalia Costa (Delta). Treinador: Will Broderick.<\/p>\n<h2>Convoca\u00e7\u00e3o da sele\u00e7\u00e3o masculina:<\/h2>\n<p>Ariel Rodrigues (Poli), Daniel \u201cMaranh\u00e3o\u201d Lima (Poli), Douglas Rauth (Curitiba), Felipe Sancery (S\u00e3o Jos\u00e9), Guilherme Coghetto (Farrapos), Lucas Drudi (Jacare\u00ed), Lucas \u201cZ\u00e9\u201d Tranquez (Poli), Matheus Cl\u00e1udio (Jacare\u00ed), Matheus Cruz (Jacare\u00ed), Rafael \u201cRaj\u201d Spago (Pasteur), Robert Ten\u00f3rio (Poli) e Robson \u201cVarej\u00e3o\u201d Morais (Pasteur). Treinador: Lucas Duque.<\/p>\n<p><span style=\"font-weight: 400;\">Fonte: Ag\u00eancia Brasil <\/span><\/p>\n","protected":false},"excerpt":{"rendered":"<p>A Confedera\u00e7\u00e3o Brasileira de Rugby anunciou nesta quarta-feira (21) as convoca\u00e7\u00f5es das sele\u00e7\u00f5es masculina e feminina de rugby sevens para a disputa dos Jogos Sul-americanos da Odesur, que ser\u00e3o disputados entre os dias 7 e 9 de outubro no est\u00e1dio H\u00e9roes de Curupayti, em Assun\u00e7\u00e3o (Paraguai). A competi\u00e7\u00e3o masculina servir\u00e1 de qualificat\u00f3ria para os Jogos [&hellip;]<\/p>\n","protected":false},"author":246,"featured_media":204627,"comment_status":"closed","ping_status":"closed","sticky":false,"template":"","format":"standard","meta":{"footnotes":""},"categories":[436,257,439],"tags":[],"class_list":["post-204626","post","type-post","status-publish","format-standard","has-post-thumbnail","hentry","category-destaque-da-semana","category-esporte","category-ultima-hora"],"_links":{"self":[{"href":"https:\/\/diarioregionaldigital.com.br\/index.php?rest_route=\/wp\/v2\/posts\/204626","targetHints":{"allow":["GET"]}}],"collection":[{"href":"https:\/\/diarioregionaldigital.com.br\/index.php?rest_route=\/wp\/v2\/posts"}],"about":[{"href":"https:\/\/diarioregionaldigital.com.br\/index.php?rest_route=\/wp\/v2\/types\/post"}],"author":[{"embeddable":true,"href":"https:\/\/diarioregionaldigital.com.br\/index.php?rest_route=\/wp\/v2\/users\/246"}],"replies":[{"embeddable":true,"href":"https:\/\/diarioregionaldigital.com.br\/index.php?rest_route=%2Fwp%2Fv2%2Fcomments&post=204626"}],"version-history":[{"count":1,"href":"https:\/\/diarioregionaldigital.com.br\/index.php?rest_route=\/wp\/v2\/posts\/204626\/revisions"}],"predecessor-version":[{"id":204628,"href":"https:\/\/diarioregionaldigital.com.br\/index.php?rest_route=\/wp\/v2\/posts\/204626\/revisions\/204628"}],"wp:featuredmedia":[{"embeddable":true,"href":"https:\/\/diarioregionaldigital.com.br\/index.php?rest_route=\/wp\/v2\/media\/204627"}],"wp:attachment":[{"href":"https:\/\/diarioregionaldigital.com.br\/index.php?rest_route=%2Fwp%2Fv2%2Fmedia&parent=204626"}],"wp:term":[{"taxonomy":"category","embeddable":true,"href":"https:\/\/diarioregionaldigital.com.br\/index.php?rest_route=%2Fwp%2Fv2%2Fcategories&post=204626"},{"taxonomy":"post_tag","embeddable":true,"href":"https:\/\/diarioregionaldigital.com.br\/index.php?rest_route=%2Fwp%2Fv2%2Ftags&post=204626"}],"curies":[{"name":"wp","href":"https:\/\/api.w.org\/{rel}","templated":true}]}}