{"id":204620,"date":"2022-09-22T20:58:08","date_gmt":"2022-09-22T23:58:08","guid":{"rendered":"https:\/\/diarioregionaldigital.com.br\/?p=204620"},"modified":"2022-09-22T20:58:08","modified_gmt":"2022-09-22T23:58:08","slug":"pia-sundhage-convoca-selecao-para-data-fifa-de-outubro","status":"publish","type":"post","link":"https:\/\/diarioregionaldigital.com.br\/?p=204620","title":{"rendered":"Pia Sundhage convoca sele\u00e7\u00e3o para Data Fifa de outubro"},"content":{"rendered":"<p>A t\u00e9cnica da sele\u00e7\u00e3o feminina de futebol, a sueca Pia Sundhage, anunciou nesta quinta-feira (22) as convocadas para enfrentar a Noruega e a It\u00e1lia na Data Fifa do m\u00eas de outubro.<img decoding=\"async\" src=\"https:\/\/agenciabrasil.ebc.com.br\/ebc.png?id=1483882&amp;o=node\" \/><img decoding=\"async\" src=\"https:\/\/agenciabrasil.ebc.com.br\/ebc.gif?id=1483882&amp;o=node\" \/><\/p>\n<p>O Brasil mede for\u00e7as com a Noruega no Est\u00e1dio Ullevaal, em Oslo (Noruega), no dia 7 de outubro. Tr\u00eas dias depois a equipe brasileira enfrenta a It\u00e1lia em G\u00eanova.<\/p>\n<p>\u201c\u00c9 muito bom jogar contra Noruega e It\u00e1lia. Elas atuam de formas muito diferentes. A sele\u00e7\u00e3o norueguesa tem uma treinadora nova, que \u00e9 minha amiga e j\u00e1 foi minha assistente quando comandei os Estados Unidos. Certamente vir\u00e3o com um estilo diferente do que vimos na Eurocopa. A It\u00e1lia n\u00e3o se classificou para as quartas da Euro, provavelmente tamb\u00e9m vir\u00e3o com um estilo diferente. O objetivo \u00e9 resolver nossos erros contra as melhores equipes, por isso esses confrontos s\u00e3o t\u00e3o importantes\u201d, declarou a t\u00e9cnica sueca.<\/p>\n<p>Entre as surpresas da rela\u00e7\u00e3o de convocadas est\u00e3o tr\u00eas jogadoras que defenderam o Brasil na Copa do Mundo sub-20, disputada na Costa Rica: Lauren, Tarciane e Yaya. \u201cH\u00e1 uma diferen\u00e7a entre uma atleta da sele\u00e7\u00e3o sub-20 e uma da principal. Essas meninas v\u00eam com muita energia, ent\u00e3o elas cometem erros. \u00c9 normal. Queremos fazer uma mudan\u00e7a a longo prazo. Ganhar um t\u00edtulo n\u00e3o \u00e9 uma corrida de 100 metros, mas uma maratona. Tentamos trazer algumas novas mudan\u00e7as e acredito que teremos uma melhora em campo\u201d, afirmou Pia Sundhage.<\/p>\n<h2>Rela\u00e7\u00e3o de convocadas:<\/h2>\n<p><strong>Goleiras:<\/strong>\u00a0Leticia \u2013 Corinthians e Luciana \u2013 Ferrovi\u00e1ria.<\/p>\n<p><strong>Defensoras:<\/strong>\u00a0Rafaelle &#8211; Arsenal (ING), Tainara &#8211; FC Bayern (ALE), Kathellen &#8211; Real Madrid (ESP), Tarciane &#8211; Corinthians, Tamires &#8211; Corinthians, Fernanda Palermo &#8211; S\u00e3o Paulo, Lauren &#8211; Madrid CFF (ESP) e Antonia &#8211; Levante (ESP).<\/p>\n<p><strong>Meio-campistas:\u00a0<\/strong>Ary &#8211; Palmeiras, Millene &#8211; Internacional, Ana Vit\u00f3ria &#8211; Benfica (POR), Kerolin &#8211; North Carolina Courage (EUA), Yaya &#8211; S\u00e3o Paulo, Duda Francelino &#8211; Flamengo, Duda Sampaio \u2013 Internacional e Adriana &#8211; Corinthians.<\/p>\n<p><strong>Atacantes:<\/strong>\u00a0Jaqueline &#8211; Corinthians, Ludmila &#8211; Atl\u00e9tico de Madrid (ESP), Geyse &#8211; Barcelona (ESP), Bia Zaneratto &#8211; Palmeiras, Gabi Nunes &#8211; Madrid CFF (ESP) e Debinha &#8211; North Carolina Courage (EUA).<\/p>\n<p><span style=\"font-weight: 400;\">\u00a0<\/span><span style=\"font-weight: 400;\"><br \/>\n<\/span><span style=\"font-weight: 400;\">Fonte: Ag\u00eancia Brasil <\/span><\/p>\n","protected":false},"excerpt":{"rendered":"<p>A t\u00e9cnica da sele\u00e7\u00e3o feminina de futebol, a sueca Pia Sundhage, anunciou nesta quinta-feira (22) as convocadas para enfrentar a Noruega e a It\u00e1lia na Data Fifa do m\u00eas de outubro. O Brasil mede for\u00e7as com a Noruega no Est\u00e1dio Ullevaal, em Oslo (Noruega), no dia 7 de outubro. Tr\u00eas dias depois a equipe brasileira [&hellip;]<\/p>\n","protected":false},"author":246,"featured_media":204621,"comment_status":"closed","ping_status":"closed","sticky":false,"template":"","format":"standard","meta":{"footnotes":""},"categories":[436,257,439],"tags":[],"class_list":["post-204620","post","type-post","status-publish","format-standard","has-post-thumbnail","hentry","category-destaque-da-semana","category-esporte","category-ultima-hora"],"_links":{"self":[{"href":"https:\/\/diarioregionaldigital.com.br\/index.php?rest_route=\/wp\/v2\/posts\/204620","targetHints":{"allow":["GET"]}}],"collection":[{"href":"https:\/\/diarioregionaldigital.com.br\/index.php?rest_route=\/wp\/v2\/posts"}],"about":[{"href":"https:\/\/diarioregionaldigital.com.br\/index.php?rest_route=\/wp\/v2\/types\/post"}],"author":[{"embeddable":true,"href":"https:\/\/diarioregionaldigital.com.br\/index.php?rest_route=\/wp\/v2\/users\/246"}],"replies":[{"embeddable":true,"href":"https:\/\/diarioregionaldigital.com.br\/index.php?rest_route=%2Fwp%2Fv2%2Fcomments&post=204620"}],"version-history":[{"count":1,"href":"https:\/\/diarioregionaldigital.com.br\/index.php?rest_route=\/wp\/v2\/posts\/204620\/revisions"}],"predecessor-version":[{"id":204622,"href":"https:\/\/diarioregionaldigital.com.br\/index.php?rest_route=\/wp\/v2\/posts\/204620\/revisions\/204622"}],"wp:featuredmedia":[{"embeddable":true,"href":"https:\/\/diarioregionaldigital.com.br\/index.php?rest_route=\/wp\/v2\/media\/204621"}],"wp:attachment":[{"href":"https:\/\/diarioregionaldigital.com.br\/index.php?rest_route=%2Fwp%2Fv2%2Fmedia&parent=204620"}],"wp:term":[{"taxonomy":"category","embeddable":true,"href":"https:\/\/diarioregionaldigital.com.br\/index.php?rest_route=%2Fwp%2Fv2%2Fcategories&post=204620"},{"taxonomy":"post_tag","embeddable":true,"href":"https:\/\/diarioregionaldigital.com.br\/index.php?rest_route=%2Fwp%2Fv2%2Ftags&post=204620"}],"curies":[{"name":"wp","href":"https:\/\/api.w.org\/{rel}","templated":true}]}}