{"id":204613,"date":"2022-09-22T20:45:10","date_gmt":"2022-09-22T23:45:10","guid":{"rendered":"https:\/\/diarioregionaldigital.com.br\/?p=204613"},"modified":"2022-09-22T20:45:10","modified_gmt":"2022-09-22T23:45:10","slug":"vera-quer-ampliar-investimentos-no-combate-a-violencia-contra-mulheres","status":"publish","type":"post","link":"https:\/\/diarioregionaldigital.com.br\/?p=204613","title":{"rendered":"Vera quer ampliar investimentos no combate \u00e0 viol\u00eancia contra mulheres"},"content":{"rendered":"<div class=\"post-item-wrap\">\n<p>A candidata do PSTU \u00e0 presid\u00eancia da Rep\u00fablica, Vera Lucia, prop\u00f4s hoje (21) ampliar os investimentos em pol\u00edticas p\u00fablicas de combate \u00e0 viol\u00eancia contra as mulheres. A candidata defendeu aumentar os recursos para a Lei Maria da Penha e para a cria\u00e7\u00e3o de novas delegacias especializadas em crimes contra a mulher.<img decoding=\"async\" src=\"https:\/\/agenciabrasil.ebc.com.br\/ebc.png?id=1483693&amp;o=node\" \/><img decoding=\"async\" src=\"https:\/\/agenciabrasil.ebc.com.br\/ebc.gif?id=1483693&amp;o=node\" \/><\/p>\n<p>\u201c\u00c9 preciso dar um basta nessa situa\u00e7\u00e3o, mas, para isso, necessita-se a retomada dos investimentos em pol\u00edticas p\u00fablicas de combate \u00e0 viol\u00eancia contra mulheres. Precisamos que novas delegacias especializadas sejam constru\u00eddas e passem a funcionar em tempo integral e com f\u00e1cil acesso para as mulheres\u201d, disse Vera.<\/p>\n<p>A candidata ainda prop\u00f4s a cria\u00e7\u00e3o, em todas as cidades brasileiras, de novos centros de refer\u00eancias e abrigos para as v\u00edtimas. \u201cViol\u00eancia contra as mulheres \u00e9 crime, por isso dependemos puni\u00e7\u00e3o aos agressores\u201d, acrescentou.<\/p>\n<p>A candidata teve na agenda de hoje reuni\u00e3o com o Diret\u00f3rio Estadual do PSTU em Aracaju, entrevista \u00e0 R\u00e1dio Jornal em Aracaju e encontro com a milit\u00e2ncia e apoiadores da campanha na sede do Sindicato dos Petroleiros em Aracaju.<\/p>\n<p><span style=\"font-weight: 400;\">Fonte: Ag\u00eancia Brasil <\/span><\/p>\n<\/div>\n<p class=\"alt-font font-italic my-2 small text-info\">\n","protected":false},"excerpt":{"rendered":"<p>A candidata do PSTU \u00e0 presid\u00eancia da Rep\u00fablica, Vera Lucia, prop\u00f4s hoje (21) ampliar os investimentos em pol\u00edticas p\u00fablicas de combate \u00e0 viol\u00eancia contra as mulheres. A candidata defendeu aumentar os recursos para a Lei Maria da Penha e para a cria\u00e7\u00e3o de novas delegacias especializadas em crimes contra a mulher. \u201c\u00c9 preciso dar um [&hellip;]<\/p>\n","protected":false},"author":246,"featured_media":204614,"comment_status":"closed","ping_status":"closed","sticky":false,"template":"","format":"standard","meta":{"footnotes":""},"categories":[436,254,439],"tags":[],"class_list":["post-204613","post","type-post","status-publish","format-standard","has-post-thumbnail","hentry","category-destaque-da-semana","category-politica","category-ultima-hora"],"_links":{"self":[{"href":"https:\/\/diarioregionaldigital.com.br\/index.php?rest_route=\/wp\/v2\/posts\/204613","targetHints":{"allow":["GET"]}}],"collection":[{"href":"https:\/\/diarioregionaldigital.com.br\/index.php?rest_route=\/wp\/v2\/posts"}],"about":[{"href":"https:\/\/diarioregionaldigital.com.br\/index.php?rest_route=\/wp\/v2\/types\/post"}],"author":[{"embeddable":true,"href":"https:\/\/diarioregionaldigital.com.br\/index.php?rest_route=\/wp\/v2\/users\/246"}],"replies":[{"embeddable":true,"href":"https:\/\/diarioregionaldigital.com.br\/index.php?rest_route=%2Fwp%2Fv2%2Fcomments&post=204613"}],"version-history":[{"count":1,"href":"https:\/\/diarioregionaldigital.com.br\/index.php?rest_route=\/wp\/v2\/posts\/204613\/revisions"}],"predecessor-version":[{"id":204615,"href":"https:\/\/diarioregionaldigital.com.br\/index.php?rest_route=\/wp\/v2\/posts\/204613\/revisions\/204615"}],"wp:featuredmedia":[{"embeddable":true,"href":"https:\/\/diarioregionaldigital.com.br\/index.php?rest_route=\/wp\/v2\/media\/204614"}],"wp:attachment":[{"href":"https:\/\/diarioregionaldigital.com.br\/index.php?rest_route=%2Fwp%2Fv2%2Fmedia&parent=204613"}],"wp:term":[{"taxonomy":"category","embeddable":true,"href":"https:\/\/diarioregionaldigital.com.br\/index.php?rest_route=%2Fwp%2Fv2%2Fcategories&post=204613"},{"taxonomy":"post_tag","embeddable":true,"href":"https:\/\/diarioregionaldigital.com.br\/index.php?rest_route=%2Fwp%2Fv2%2Ftags&post=204613"}],"curies":[{"name":"wp","href":"https:\/\/api.w.org\/{rel}","templated":true}]}}