{"id":204610,"date":"2022-09-22T20:41:01","date_gmt":"2022-09-22T23:41:01","guid":{"rendered":"https:\/\/diarioregionaldigital.com.br\/?p=204610"},"modified":"2022-09-22T20:41:01","modified_gmt":"2022-09-22T23:41:01","slug":"simone-tebet-defende-reducao-temporaria-de-recolhimento-do-inss","status":"publish","type":"post","link":"https:\/\/diarioregionaldigital.com.br\/?p=204610","title":{"rendered":"Simone Tebet defende redu\u00e7\u00e3o tempor\u00e1ria de recolhimento do INSS"},"content":{"rendered":"<p>A candidata do MDB \u00e0 Presid\u00eancia da Rep\u00fablica, Simone Tebet, participou na manh\u00e3 desta quinta-feira (22) de uma sabatina promovida pelo jornal\u00a0<em>O Tempo<\/em>\u00a0e pela R\u00e1dio Super, de Minas Gerais. Como proposta para impulsionar a gera\u00e7\u00e3o de empregos formais, se eleita, a presidenci\u00e1vel disse que vai propor uma redu\u00e7\u00e3o tempor\u00e1ria do recolhimento ao Instituto Nacional do Seguro Social (INSS) feito pelas empresas.<img decoding=\"async\" src=\"https:\/\/agenciabrasil.ebc.com.br\/ebc.png?id=1483836&amp;o=node\" \/><img decoding=\"async\" src=\"https:\/\/agenciabrasil.ebc.com.br\/ebc.gif?id=1483836&amp;o=node\" \/><\/p>\n<p>A desonera\u00e7\u00e3o, disse ela, valeria por dois anos apenas para novas contrata\u00e7\u00f5es, que receberem at\u00e9 um sal\u00e1rio m\u00ednimo. Na avalia\u00e7\u00e3o da candidata, a medida ajudaria a reduzir a informalidade na qual est\u00e3o cerca de 40 milh\u00f5es de trabalhadores no pa\u00eds. &#8220;Hoje, para poder ter um trabalhador com carteira assinada, o empregador paga 20% do sal\u00e1rio em INSS. Ent\u00e3o, a proposta \u00e9 reduzir de 20% para 6%; e reduzir, da parte do trabalhador, de 7,5% para 3%. Ent\u00e3o, eu reduzo esse recolhimento como incentivo para que a ind\u00fastria e o setor de bens e servi\u00e7os contratem com carteira de trabalho&#8221;.<\/p>\n<p>A emedebista tamb\u00e9m voltou a defender sua proposta de pagar R$ 5 mil para o estudante que concluir o ensino m\u00e9dio no pa\u00eds. A estimativa \u00e9 de que o programa custe cerca de R$ 7 bilh\u00f5es por ano.<\/p>\n<h2>Fiocruz<\/h2>\n<p>Nesta quinta-feira, Simone Tebet tamb\u00e9m fez uma visita \u00e0 sede da\u00a0Funda\u00e7\u00e3o Oswaldo Cruz\u00a0(Fiocruz). Na sa\u00edda, disse que se eleita n\u00e3o far\u00e1 cortes or\u00e7ament\u00e1rios na \u00e1rea de ci\u00eancia e tecnologia. &#8220;Estar aqui na Fiocruz, ao lado dos nossos companheiros, \u00e9 mostrar que a nossa candidatura acredita na ci\u00eancia, que dinheiro n\u00e3o vai faltar para ci\u00eancia, tecnologia e inova\u00e7\u00e3o. E \u00e9 um reconhecimento, um agradecimento meu e da Mara Gabrilli [candidata a vice], que vivenciamos, na CPI da Covid, o quanto foi importante a Fiocruz&#8221;, disse. Ela tamb\u00e9m defendeu a exclus\u00e3o de investimentos em ci\u00eancia e tecnologia do teto de gastos.<\/p>\n<p><span style=\"font-weight: 400;\">\u00a0<\/span><span style=\"font-weight: 400;\"><br \/>\n<\/span><span style=\"font-weight: 400;\">Fonte: Ag\u00eancia Brasil <\/span><\/p>\n","protected":false},"excerpt":{"rendered":"<p>A candidata do MDB \u00e0 Presid\u00eancia da Rep\u00fablica, Simone Tebet, participou na manh\u00e3 desta quinta-feira (22) de uma sabatina promovida pelo jornal\u00a0O Tempo\u00a0e pela R\u00e1dio Super, de Minas Gerais. Como proposta para impulsionar a gera\u00e7\u00e3o de empregos formais, se eleita, a presidenci\u00e1vel disse que vai propor uma redu\u00e7\u00e3o tempor\u00e1ria do recolhimento ao Instituto Nacional do [&hellip;]<\/p>\n","protected":false},"author":246,"featured_media":204611,"comment_status":"closed","ping_status":"closed","sticky":false,"template":"","format":"standard","meta":{"footnotes":""},"categories":[436,254,439],"tags":[],"class_list":["post-204610","post","type-post","status-publish","format-standard","has-post-thumbnail","hentry","category-destaque-da-semana","category-politica","category-ultima-hora"],"_links":{"self":[{"href":"https:\/\/diarioregionaldigital.com.br\/index.php?rest_route=\/wp\/v2\/posts\/204610","targetHints":{"allow":["GET"]}}],"collection":[{"href":"https:\/\/diarioregionaldigital.com.br\/index.php?rest_route=\/wp\/v2\/posts"}],"about":[{"href":"https:\/\/diarioregionaldigital.com.br\/index.php?rest_route=\/wp\/v2\/types\/post"}],"author":[{"embeddable":true,"href":"https:\/\/diarioregionaldigital.com.br\/index.php?rest_route=\/wp\/v2\/users\/246"}],"replies":[{"embeddable":true,"href":"https:\/\/diarioregionaldigital.com.br\/index.php?rest_route=%2Fwp%2Fv2%2Fcomments&post=204610"}],"version-history":[{"count":1,"href":"https:\/\/diarioregionaldigital.com.br\/index.php?rest_route=\/wp\/v2\/posts\/204610\/revisions"}],"predecessor-version":[{"id":204612,"href":"https:\/\/diarioregionaldigital.com.br\/index.php?rest_route=\/wp\/v2\/posts\/204610\/revisions\/204612"}],"wp:featuredmedia":[{"embeddable":true,"href":"https:\/\/diarioregionaldigital.com.br\/index.php?rest_route=\/wp\/v2\/media\/204611"}],"wp:attachment":[{"href":"https:\/\/diarioregionaldigital.com.br\/index.php?rest_route=%2Fwp%2Fv2%2Fmedia&parent=204610"}],"wp:term":[{"taxonomy":"category","embeddable":true,"href":"https:\/\/diarioregionaldigital.com.br\/index.php?rest_route=%2Fwp%2Fv2%2Fcategories&post=204610"},{"taxonomy":"post_tag","embeddable":true,"href":"https:\/\/diarioregionaldigital.com.br\/index.php?rest_route=%2Fwp%2Fv2%2Ftags&post=204610"}],"curies":[{"name":"wp","href":"https:\/\/api.w.org\/{rel}","templated":true}]}}