{"id":204607,"date":"2022-09-22T20:39:18","date_gmt":"2022-09-22T23:39:18","guid":{"rendered":"https:\/\/diarioregionaldigital.com.br\/?p=204607"},"modified":"2022-09-22T20:39:18","modified_gmt":"2022-09-22T23:39:18","slug":"na-onu-chanceler-brasileiro-se-reune-com-representantes-de-3-paises","status":"publish","type":"post","link":"https:\/\/diarioregionaldigital.com.br\/?p=204607","title":{"rendered":"Na ONU, chanceler brasileiro se re\u00fane com representantes de 3 pa\u00edses"},"content":{"rendered":"<p>O ministro das Rela\u00e7\u00f5es Exteriores do Brasil, Carlos Fran\u00e7a, reuniu-se nesta\u00a0quarta-feira (21) com o vice-primeiro-ministro e chanceler do Camboja, Prak Sokhonn, em encontro \u00e0 margem da 77\u00aa Assembleia Geral da Organiza\u00e7\u00e3o das Na\u00e7\u00f5es Unidas (ONU), em Nova York, nos Estados Unidos. Segundo o Itamaraty, ambos trataram da coopera\u00e7\u00e3o bilateral, dos contextos regionais e da recente designa\u00e7\u00e3o do Brasil como parceiro de di\u00e1logo setorial da Associa\u00e7\u00e3o das Na\u00e7\u00f5es do Sudeste Asi\u00e1tica (Asean), atualmente presidida pelo Camboja.\u00a0<img decoding=\"async\" src=\"https:\/\/agenciabrasil.ebc.com.br\/ebc.png?id=1483664&amp;o=node\" \/><img decoding=\"async\" src=\"https:\/\/agenciabrasil.ebc.com.br\/ebc.gif?id=1483664&amp;o=node\" \/><\/p>\n<p>O bloco econ\u00f4mico foi o terceiro destino das exporta\u00e7\u00f5es do Brasil e o segundo maior super\u00e1vit comercial em 2021. De janeiro a agosto de 2022, o Brasil j\u00e1 exportou mais de US$ 16 bilh\u00f5es para a Asean, com super\u00e1vit de US$ 9,5 bilh\u00f5es.<\/p>\n<p>Ainda segundo o Itamaraty, Carlos Fran\u00e7a apresentou a Prak Sokhonn a candidatura do professor Leonardo Nemer Caldeira Brant a uma vaga na Corte Internacional de Justi\u00e7a, nas elei\u00e7\u00f5es que ocorrer\u00e3o em novembro deste ano.<\/p>\n<p>O chanceler brasileiro est\u00e1 em Nova York desde o fim de semana. Ele acompanhou\u00a0ontem\u00a0(20) o discurso do presidente Jair Bolsonaro na abertura da 77\u00aa Assembleia Geral da ONU. O presidente brasileiro afirmou, entre outros pontos, que apesar da crise mundial, a economia nacional est\u00e1 em\u00a0<a href=\"https:\/\/agenciabrasil.ebc.com.br\/politica\/noticia\/2022-09\/brasil-tem-economia-em-plena-recuperacao-diz-presidente-na-onu\" target=\"_blank\" rel=\"noopener\">&#8220;plena recupera\u00e7\u00e3o&#8221;<\/a>.<\/p>\n<h2>El Salvador<\/h2>\n<p>Em outra reuni\u00e3o bilateral, Carlos Fran\u00e7a se encontrou com a chanceler de El Salvador, Alexandra Hill, ocasi\u00e3o em que assinaram um acordo de servi\u00e7os a\u00e9reos.<\/p>\n<p>&#8220;O acordo expande as possibilidades de tr\u00e1fego a\u00e9reo entre Brasil e El Salvador e tem potencial para promover a mobilidade de pessoas e mercadorias, gerando benef\u00edcios concretos para os dois pa\u00edses&#8221;, informou o Pal\u00e1cio do Itamaraty.<\/p>\n<p>Fran\u00e7a tamb\u00e9m apresentou \u00e0 chanceler salvadorenha a candidatura de Caldeira Brant a vaga na Corte Internacional de Justi\u00e7a.<\/p>\n<h2>Guin\u00e9-Bissau<\/h2>\n<p>O terceiro encontro do dia de Carlos Fran\u00e7a foi com a ministra dos Neg\u00f3cios Estrangeiros, Coopera\u00e7\u00e3o Internacional e das Comunidades da Guin\u00e9-Bissau, Suzi Barbosa. Ambos conversaram sobre a agenda bilateral.<\/p>\n<p>Segundo o Itamaraty, o Brasil contribui para a forma\u00e7\u00e3o de pessoas oriundas da Guin\u00e9-Bissau, por ser o segundo destino entre participantes no Programa Estudante-Conv\u00eanio Gradua\u00e7\u00e3o (PEC-G).<\/p>\n<p>Al\u00e9m disso, destacou a pasta, o Brasil foi reeleito para a Comiss\u00e3o para a Consolida\u00e7\u00e3o da Paz das Na\u00e7\u00f5es Unidas, no \u00faltimo m\u00eas\u00a0de junho, \u00f3rg\u00e3o no qual preside a configura\u00e7\u00e3o para a Guin\u00e9-Bissau, apoiando o processo de consolida\u00e7\u00e3o das institui\u00e7\u00f5es e o desenvolvimento econ\u00f4mico do pa\u00eds.<\/p>\n<p><span style=\"font-weight: 400;\">Fonte: Ag\u00eancia Brasil <\/span><\/p>\n","protected":false},"excerpt":{"rendered":"<p>O ministro das Rela\u00e7\u00f5es Exteriores do Brasil, Carlos Fran\u00e7a, reuniu-se nesta\u00a0quarta-feira (21) com o vice-primeiro-ministro e chanceler do Camboja, Prak Sokhonn, em encontro \u00e0 margem da 77\u00aa Assembleia Geral da Organiza\u00e7\u00e3o das Na\u00e7\u00f5es Unidas (ONU), em Nova York, nos Estados Unidos. Segundo o Itamaraty, ambos trataram da coopera\u00e7\u00e3o bilateral, dos contextos regionais e da recente [&hellip;]<\/p>\n","protected":false},"author":246,"featured_media":204608,"comment_status":"closed","ping_status":"closed","sticky":false,"template":"","format":"standard","meta":{"footnotes":""},"categories":[436,254,439],"tags":[],"class_list":["post-204607","post","type-post","status-publish","format-standard","has-post-thumbnail","hentry","category-destaque-da-semana","category-politica","category-ultima-hora"],"_links":{"self":[{"href":"https:\/\/diarioregionaldigital.com.br\/index.php?rest_route=\/wp\/v2\/posts\/204607","targetHints":{"allow":["GET"]}}],"collection":[{"href":"https:\/\/diarioregionaldigital.com.br\/index.php?rest_route=\/wp\/v2\/posts"}],"about":[{"href":"https:\/\/diarioregionaldigital.com.br\/index.php?rest_route=\/wp\/v2\/types\/post"}],"author":[{"embeddable":true,"href":"https:\/\/diarioregionaldigital.com.br\/index.php?rest_route=\/wp\/v2\/users\/246"}],"replies":[{"embeddable":true,"href":"https:\/\/diarioregionaldigital.com.br\/index.php?rest_route=%2Fwp%2Fv2%2Fcomments&post=204607"}],"version-history":[{"count":1,"href":"https:\/\/diarioregionaldigital.com.br\/index.php?rest_route=\/wp\/v2\/posts\/204607\/revisions"}],"predecessor-version":[{"id":204609,"href":"https:\/\/diarioregionaldigital.com.br\/index.php?rest_route=\/wp\/v2\/posts\/204607\/revisions\/204609"}],"wp:featuredmedia":[{"embeddable":true,"href":"https:\/\/diarioregionaldigital.com.br\/index.php?rest_route=\/wp\/v2\/media\/204608"}],"wp:attachment":[{"href":"https:\/\/diarioregionaldigital.com.br\/index.php?rest_route=%2Fwp%2Fv2%2Fmedia&parent=204607"}],"wp:term":[{"taxonomy":"category","embeddable":true,"href":"https:\/\/diarioregionaldigital.com.br\/index.php?rest_route=%2Fwp%2Fv2%2Fcategories&post=204607"},{"taxonomy":"post_tag","embeddable":true,"href":"https:\/\/diarioregionaldigital.com.br\/index.php?rest_route=%2Fwp%2Fv2%2Ftags&post=204607"}],"curies":[{"name":"wp","href":"https:\/\/api.w.org\/{rel}","templated":true}]}}