{"id":204601,"date":"2022-09-22T20:30:38","date_gmt":"2022-09-22T23:30:38","guid":{"rendered":"https:\/\/diarioregionaldigital.com.br\/?p=204601"},"modified":"2022-09-22T20:30:38","modified_gmt":"2022-09-22T23:30:38","slug":"declaracoes-do-imposto-de-renda-na-malha-fina-chegam-a-103-milhao","status":"publish","type":"post","link":"https:\/\/diarioregionaldigital.com.br\/?p=204601","title":{"rendered":"Declara\u00e7\u00f5es do Imposto de Renda na malha fina chegam a 1,03 milh\u00e3o"},"content":{"rendered":"<p>Pouco mais de 1 milh\u00e3o de contribuintes ca\u00edram na malha fina do Imposto de Renda neste ano, divulgou hoje (22) a Receita Federal. Um total de 1.032.279 declara\u00e7\u00f5es do Imposto de Renda foram retidas. O n\u00famero equivale a 2,7% das 38.188.642 declara\u00e7\u00f5es do exerc\u00edcio de 2022 enviadas de mar\u00e7o a setembro.<img decoding=\"async\" src=\"https:\/\/agenciabrasil.ebc.com.br\/ebc.png?id=1483874&amp;o=node\" \/><img decoding=\"async\" src=\"https:\/\/agenciabrasil.ebc.com.br\/ebc.gif?id=1483874&amp;o=node\" \/><\/p>\n<p>Do total de declara\u00e7\u00f5es retidas, 811.782 t\u00eam imposto a restituir, representando 78,6% do total inclu\u00eddo na malha fina. Outras 198.541 (19,2%) t\u00eam imposto a pagar e 21.956 (2,1%) est\u00e3o com saldo zero (nem a pagar nem a restituir).<\/p>\n<p>Segundo a Receita, a omiss\u00e3o de rendimentos foi o principal motivo para as declara\u00e7\u00f5es serem retidas, o equivalente a 41,9% dos casos. Entre os rendimentos n\u00e3o informados, est\u00e3o sal\u00e1rios, a\u00e7\u00f5es judiciais e rendimento de aluguel. Em segundo lugar, com 28,6%, est\u00e3o problemas de dedu\u00e7\u00e3o, como gastos m\u00e9dicos, contribui\u00e7\u00f5es para a previd\u00eancia oficial ou previd\u00eancia privada e pagamento de pens\u00e3o aliment\u00edcia.<\/p>\n<p>Diverg\u00eancias entre os valores de Imposto de Renda retidos na fonte e declarado pela pessoa f\u00edsica, al\u00e9m de outros itens relacionados a declara\u00e7\u00e3o, representam 21,9% das reten\u00e7\u00f5es. Outros 7,6% s\u00e3o motivados por dedu\u00e7\u00f5es do imposto devido, recebimento de rendimentos acumulados e diverg\u00eancia de informa\u00e7\u00e3o sobre pagamento de carn\u00ea-le\u00e3o ou imposto complementar.<\/p>\n<h2>Retifica\u00e7\u00e3o<\/h2>\n<p>Em setembro, a Receita est\u00e1 emitindo 444 mil correspond\u00eancias para contribuintes com declara\u00e7\u00f5es na malha fina. O objetivo \u00e9 avisar que, em caso de erro na declara\u00e7\u00e3o apresentada, este \u00e9 o momento para autorregularizar a situa\u00e7\u00e3o.<\/p>\n<p>A Receita aconselha os contribuintes inclu\u00eddos na malha fina a conferir o extrato, para verificar a pend\u00eancia, e retificar a declara\u00e7\u00e3o. O extrato pode ser conferido no\u00a0<a href=\"https:\/\/cav.receita.fazenda.gov.br\/\" target=\"_blank\" rel=\"noopener\">Centro de Atendimento Virtual (e-CAC)<\/a>\u00a0da Receita Federal. Para ter acesso ao site, o contribuinte deve informar ou o certificado digital (se tiver um), ou o login no Portal Gov.br ou digitar n\u00famero do CPF\/CNPJ, o c\u00f3digo de acesso e a senha.<\/p>\n<p>Ao entrar no e-CAC, o contribuinte deve clicar no link \u201cMeu Imposto de Renda\u201d, no lado esquerdo da tela. Em seguida, aparece uma linha do tempo com as \u00faltimas declara\u00e7\u00f5es entregues. Basta verificar a declara\u00e7\u00e3o de 2022 para conferir se o documento caiu na malha fina e o motivo da pend\u00eancia.<\/p>\n<p>O contribuinte tem ent\u00e3o tr\u00eas op\u00e7\u00f5es para resolver o problema. Uma delas \u00e9 fazer a corre\u00e7\u00e3o por meio de uma declara\u00e7\u00e3o retificadora, sem multa ou penalidade. A declara\u00e7\u00e3o ser\u00e1 processada e voltar\u00e1 para a fila de restitui\u00e7\u00f5es, sendo paga no lote residual seguinte.<\/p>\n<p>Caso o contribuinte seja intimado ou notificado pela Receita Federal, n\u00e3o ser\u00e1 mais poss\u00edvel retificar a declara\u00e7\u00e3o. Nesse caso, \u00e9 poss\u00edvel apresentar, de forma virtual, todos os comprovantes e documentos que atestam os valores declarados e apontados como pend\u00eancia.<\/p>\n<p>O Processo Digital para a Malha Fiscal deve ser aberto no site do e-CAC. Basta o contribuinte entrar no espa\u00e7o \u201cOnde encontro\u201d e consultar o campo \u201cMalha Fiscal \u2013 Atendimento\u201d. Caso n\u00e3o queira enviar os documentos com anteced\u00eancia, o contribuinte pode aguardar comunicado da Receita com o detalhamento dos documentos que precisam ser apresentados e um prazo de entrega.<\/p>\n<p><span style=\"font-weight: 400;\">\u00a0<\/span><span style=\"font-weight: 400;\"><br \/>\n<\/span><span style=\"font-weight: 400;\">Fonte: Ag\u00eancia Brasil <\/span><\/p>\n","protected":false},"excerpt":{"rendered":"<p>Pouco mais de 1 milh\u00e3o de contribuintes ca\u00edram na malha fina do Imposto de Renda neste ano, divulgou hoje (22) a Receita Federal. Um total de 1.032.279 declara\u00e7\u00f5es do Imposto de Renda foram retidas. O n\u00famero equivale a 2,7% das 38.188.642 declara\u00e7\u00f5es do exerc\u00edcio de 2022 enviadas de mar\u00e7o a setembro. Do total de declara\u00e7\u00f5es [&hellip;]<\/p>\n","protected":false},"author":246,"featured_media":204602,"comment_status":"closed","ping_status":"closed","sticky":false,"template":"","format":"standard","meta":{"footnotes":""},"categories":[436,261,439],"tags":[],"class_list":["post-204601","post","type-post","status-publish","format-standard","has-post-thumbnail","hentry","category-destaque-da-semana","category-economia","category-ultima-hora"],"_links":{"self":[{"href":"https:\/\/diarioregionaldigital.com.br\/index.php?rest_route=\/wp\/v2\/posts\/204601","targetHints":{"allow":["GET"]}}],"collection":[{"href":"https:\/\/diarioregionaldigital.com.br\/index.php?rest_route=\/wp\/v2\/posts"}],"about":[{"href":"https:\/\/diarioregionaldigital.com.br\/index.php?rest_route=\/wp\/v2\/types\/post"}],"author":[{"embeddable":true,"href":"https:\/\/diarioregionaldigital.com.br\/index.php?rest_route=\/wp\/v2\/users\/246"}],"replies":[{"embeddable":true,"href":"https:\/\/diarioregionaldigital.com.br\/index.php?rest_route=%2Fwp%2Fv2%2Fcomments&post=204601"}],"version-history":[{"count":1,"href":"https:\/\/diarioregionaldigital.com.br\/index.php?rest_route=\/wp\/v2\/posts\/204601\/revisions"}],"predecessor-version":[{"id":204603,"href":"https:\/\/diarioregionaldigital.com.br\/index.php?rest_route=\/wp\/v2\/posts\/204601\/revisions\/204603"}],"wp:featuredmedia":[{"embeddable":true,"href":"https:\/\/diarioregionaldigital.com.br\/index.php?rest_route=\/wp\/v2\/media\/204602"}],"wp:attachment":[{"href":"https:\/\/diarioregionaldigital.com.br\/index.php?rest_route=%2Fwp%2Fv2%2Fmedia&parent=204601"}],"wp:term":[{"taxonomy":"category","embeddable":true,"href":"https:\/\/diarioregionaldigital.com.br\/index.php?rest_route=%2Fwp%2Fv2%2Fcategories&post=204601"},{"taxonomy":"post_tag","embeddable":true,"href":"https:\/\/diarioregionaldigital.com.br\/index.php?rest_route=%2Fwp%2Fv2%2Ftags&post=204601"}],"curies":[{"name":"wp","href":"https:\/\/api.w.org\/{rel}","templated":true}]}}