{"id":204598,"date":"2022-09-22T20:29:10","date_gmt":"2022-09-22T23:29:10","guid":{"rendered":"https:\/\/diarioregionaldigital.com.br\/?p=204598"},"modified":"2022-09-22T20:29:10","modified_gmt":"2022-09-22T23:29:10","slug":"caixa-espera-firmar-150-ppps-municipais-em-iluminacao-e-residuos","status":"publish","type":"post","link":"https:\/\/diarioregionaldigital.com.br\/?p=204598","title":{"rendered":"Caixa espera firmar 150 PPPs municipais em ilumina\u00e7\u00e3o e res\u00edduos"},"content":{"rendered":"<p>A Caixa Econ\u00f4mica Federal espera conseguir ao menos mais 150 projetos de parcerias p\u00fablico-privadas (PPP) com 1,8 mil munic\u00edpios em um chamamento p\u00fablico que ser\u00e1 lan\u00e7ado em\u00a0<a href=\"https:\/\/agenciabrasil.ebc.com.br\/economia\/noticia\/2022-09\/caixa-e-bndes-anunciam-parceria-para-projetos-de-concessoes-e-ppp\" target=\"_blank\" rel=\"noopener\">acordo<\/a>\u00a0com o Banco Nacional de Desenvolvimento Econ\u00f4mico e Social (BNDES) e a Secretaria Especial do Programa de Parcerias de Investimentos (Seppi). A expectativa foi divulgada hoje (22) pela presidente da Caixa, Daniella Marques, durante almo\u00e7o na Associa\u00e7\u00e3o Comercial do Rio de Janeiro.<img decoding=\"async\" src=\"https:\/\/agenciabrasil.ebc.com.br\/ebc.png?id=1483887&amp;o=node\" \/><img decoding=\"async\" src=\"https:\/\/agenciabrasil.ebc.com.br\/ebc.gif?id=1483887&amp;o=node\" \/><\/p>\n<p>A iniciativa pretende formar cons\u00f3rcios intermunicipais nas \u00e1reas de ilumina\u00e7\u00e3o p\u00fablica e gest\u00e3o de res\u00edduos s\u00f3lidos. At\u00e9 30 de setembro, est\u00e1 prevista a publica\u00e7\u00e3o do primeiro edital para a sele\u00e7\u00e3o de projetos de ilumina\u00e7\u00e3o p\u00fablica, que devem beneficiar munic\u00edpios com, no m\u00ednimo, 80 mil habitantes e cons\u00f3rcios p\u00fablicos intermunicipais (entre dois e 30 munic\u00edpios) com mais de 100 mil habitantes<\/p>\n<p>A presidente da Caixa afirmou que o banco j\u00e1 possui 53 projetos de PPPs na carteira, e vai trabalhar de forma proativa para formar cons\u00f3rcios entre cidades menores.<\/p>\n<p>&#8220;A ideia \u00e9, ao final de 3 meses de prospec\u00e7\u00e3o, a gente organizar cons\u00f3rcios intermunicipais para ter investimentos com mais escala, para atrair grandes investidores&#8221;, explicou Daniella Marques \u00e0 imprensa.<\/p>\n<p>Segundo a executiva, os 53 projetos que j\u00e1 est\u00e3o na carteira da Caixa somam R$ 19 bilh\u00f5es em investimentos. Em um cen\u00e1rio em que essa propor\u00e7\u00e3o se mantenha, a expectativa do banco \u00e9 atingir R$ 60 bilh\u00f5es, ultrapassando os 200 projetos.<\/p>\n<h2>Den\u00fancias de Ass\u00e9dio<\/h2>\n<p>Daniella Marques tamb\u00e9m respondeu a jornalistas que perguntaram sobre o andamento das investiga\u00e7\u00f5es a respeito das den\u00fancias de ass\u00e9dio de servidoras do banco contra o ex-presidente da Caixa, Pedro Guimar\u00e3es, que nega as acusa\u00e7\u00f5es.<\/p>\n<p>A atual presidente do banco voltou a afirmar que deu independ\u00eancia para a corregedoria que trabalha para apurar as den\u00fancias, e disse que o prazo para a conclus\u00e3o dos trabalhos \u00e9 de 60 a 90 dias. Daniella Marques acrescentou que o Tribunal de Contas da Uni\u00e3o, a Controladoria Geral da Uni\u00e3o e a Advocacia Geral da Uni\u00e3o supervisionam os trabalhos, e a apura\u00e7\u00e3o conta com uma empresa externa contratada<\/p>\n<p>&#8220;Est\u00e1 em andamento, possivelmente na conclus\u00e3o da primeira fase&#8221;, disse. &#8220;Acredito que em mais 90 dias, no m\u00e1ximo, os trabalhos sejam conclu\u00eddos. N\u00e3o \u00e9 um trabalho simples de fazer, requer cruzamentos, depoimentos, agendas de viagem, e est\u00e1 correndo tudo com muita seriedade e independ\u00eancia, 24 horas por dia e sete dias por semana&#8221;.<\/p>\n<p><span style=\"font-weight: 400;\">Fonte: Ag\u00eancia Brasil <\/span><\/p>\n","protected":false},"excerpt":{"rendered":"<p>A Caixa Econ\u00f4mica Federal espera conseguir ao menos mais 150 projetos de parcerias p\u00fablico-privadas (PPP) com 1,8 mil munic\u00edpios em um chamamento p\u00fablico que ser\u00e1 lan\u00e7ado em\u00a0acordo\u00a0com o Banco Nacional de Desenvolvimento Econ\u00f4mico e Social (BNDES) e a Secretaria Especial do Programa de Parcerias de Investimentos (Seppi). A expectativa foi divulgada hoje (22) pela presidente [&hellip;]<\/p>\n","protected":false},"author":246,"featured_media":204599,"comment_status":"closed","ping_status":"closed","sticky":false,"template":"","format":"standard","meta":{"footnotes":""},"categories":[436,261,439],"tags":[],"class_list":["post-204598","post","type-post","status-publish","format-standard","has-post-thumbnail","hentry","category-destaque-da-semana","category-economia","category-ultima-hora"],"_links":{"self":[{"href":"https:\/\/diarioregionaldigital.com.br\/index.php?rest_route=\/wp\/v2\/posts\/204598","targetHints":{"allow":["GET"]}}],"collection":[{"href":"https:\/\/diarioregionaldigital.com.br\/index.php?rest_route=\/wp\/v2\/posts"}],"about":[{"href":"https:\/\/diarioregionaldigital.com.br\/index.php?rest_route=\/wp\/v2\/types\/post"}],"author":[{"embeddable":true,"href":"https:\/\/diarioregionaldigital.com.br\/index.php?rest_route=\/wp\/v2\/users\/246"}],"replies":[{"embeddable":true,"href":"https:\/\/diarioregionaldigital.com.br\/index.php?rest_route=%2Fwp%2Fv2%2Fcomments&post=204598"}],"version-history":[{"count":1,"href":"https:\/\/diarioregionaldigital.com.br\/index.php?rest_route=\/wp\/v2\/posts\/204598\/revisions"}],"predecessor-version":[{"id":204600,"href":"https:\/\/diarioregionaldigital.com.br\/index.php?rest_route=\/wp\/v2\/posts\/204598\/revisions\/204600"}],"wp:featuredmedia":[{"embeddable":true,"href":"https:\/\/diarioregionaldigital.com.br\/index.php?rest_route=\/wp\/v2\/media\/204599"}],"wp:attachment":[{"href":"https:\/\/diarioregionaldigital.com.br\/index.php?rest_route=%2Fwp%2Fv2%2Fmedia&parent=204598"}],"wp:term":[{"taxonomy":"category","embeddable":true,"href":"https:\/\/diarioregionaldigital.com.br\/index.php?rest_route=%2Fwp%2Fv2%2Fcategories&post=204598"},{"taxonomy":"post_tag","embeddable":true,"href":"https:\/\/diarioregionaldigital.com.br\/index.php?rest_route=%2Fwp%2Fv2%2Ftags&post=204598"}],"curies":[{"name":"wp","href":"https:\/\/api.w.org\/{rel}","templated":true}]}}