{"id":204595,"date":"2022-09-22T20:25:52","date_gmt":"2022-09-22T23:25:52","guid":{"rendered":"https:\/\/diarioregionaldigital.com.br\/?p=204595"},"modified":"2022-09-22T20:25:52","modified_gmt":"2022-09-22T23:25:52","slug":"dolar-cai-para-r-511-com-exterior-e-copom","status":"publish","type":"post","link":"https:\/\/diarioregionaldigital.com.br\/?p=204595","title":{"rendered":"D\u00f3lar cai para R$ 5,11 com exterior e Copom"},"content":{"rendered":"<p>O al\u00edvio no exterior e o fim do ciclo de alta dos juros no Brasil fizeram o d\u00f3lar\u00a0ter\u00a0forte queda e aproximar-se de R$ 5,10. A bolsa de valores teve forte alta e fechou acima dos 114 mil pontos pela primeira vez desde abril.<img decoding=\"async\" src=\"https:\/\/agenciabrasil.ebc.com.br\/ebc.png?id=1483919&amp;o=node\" \/><img decoding=\"async\" src=\"https:\/\/agenciabrasil.ebc.com.br\/ebc.gif?id=1483919&amp;o=node\" \/><\/p>\n<p>O d\u00f3lar comercial encerrou esta\u00a0quinta-feira (22) vendido a R$ 5,114, com recuo de R$\u00a00,059 (-1,14%. A cota\u00e7\u00e3o chegou a passar de R$ 5,18 no fim de manh\u00e3 e o in\u00edcio da tarde, mas caiu em meio \u00e0 entrada de fluxos externos.<\/p>\n<p>A moeda norte-americana est\u00e1 no menor valor desde o \u00faltimo dia 12, quando tinha fechado a R$ 5,09. A divisa acumula queda de 1,69% em\u00a0agosto e 8,29% em 2022. No menor n\u00edvel em 20 anos perante o d\u00f3lar, o euro comercial fechou a R$ 5,032, em meio \u00e0s preocupa\u00e7\u00f5es com a guerra na Ucr\u00e2nia e a alta da infla\u00e7\u00e3o no continente.<\/p>\n<p>No mercado de a\u00e7\u00f5es, o dia tamb\u00e9m foi de otimismo. Embalado pelo fim da alta de juros no Brasil, o \u00edndice Ibovespa, da B3, fechou aos 114.070 pontos, com alta de 1,91%. O indicador est\u00e1 no maior n\u00edvel desde\u00a020 de abril.<\/p>\n<p>Exceto na zona do euro, o mercado financeiro internacional teve um dia de al\u00edvio ap\u00f3s o Federal Reserve (Fed, Banco Central norte-americano) elevar os juros b\u00e1sicos dos Estados Unidos em 0,75 ponto percentual. A confirma\u00e7\u00e3o das previs\u00f5es da maioria dos analistas reduziu as press\u00f5es sobre o d\u00f3lar e fez investidores venderam a moeda para embolsarem os lucros das \u00faltimas semanas.<\/p>\n<p>Os pa\u00edses emergentes foram beneficiados pela alta das commodities (bens prim\u00e1rios com cota\u00e7\u00e3o internacional). Com o agravamento das tens\u00f5es entre a R\u00fassia e a Ucr\u00e2nia, o pre\u00e7o de diversas commodities voltou a subir nesta\u00a0quinta-feira, beneficiando os exportadores de produtos prim\u00e1rios.<\/p>\n<p>No Brasil, o fim do ciclo de alta da Selic (juros b\u00e1sicos da economia) favoreceu a bolsa. A manuten\u00e7\u00e3o da taxa em 13,75% ao ano estimulou a migra\u00e7\u00e3o de investimentos em renda fixa, com risco mais baixo, para o mercado de a\u00e7\u00f5es, que tem risco maior. Paralelamente, os juros altos, que continuam no maior n\u00edvel desde 2017, continuam favorecendo a entrada de capitais externos, mesmo tendo parado de subir.<\/p>\n<p><span style=\"font-weight: 400;\">Fonte: Ag\u00eancia Brasil <\/span><\/p>\n","protected":false},"excerpt":{"rendered":"<p>O al\u00edvio no exterior e o fim do ciclo de alta dos juros no Brasil fizeram o d\u00f3lar\u00a0ter\u00a0forte queda e aproximar-se de R$ 5,10. A bolsa de valores teve forte alta e fechou acima dos 114 mil pontos pela primeira vez desde abril. O d\u00f3lar comercial encerrou esta\u00a0quinta-feira (22) vendido a R$ 5,114, com recuo [&hellip;]<\/p>\n","protected":false},"author":246,"featured_media":204596,"comment_status":"closed","ping_status":"closed","sticky":false,"template":"","format":"standard","meta":{"footnotes":""},"categories":[436,261,439],"tags":[],"class_list":["post-204595","post","type-post","status-publish","format-standard","has-post-thumbnail","hentry","category-destaque-da-semana","category-economia","category-ultima-hora"],"_links":{"self":[{"href":"https:\/\/diarioregionaldigital.com.br\/index.php?rest_route=\/wp\/v2\/posts\/204595","targetHints":{"allow":["GET"]}}],"collection":[{"href":"https:\/\/diarioregionaldigital.com.br\/index.php?rest_route=\/wp\/v2\/posts"}],"about":[{"href":"https:\/\/diarioregionaldigital.com.br\/index.php?rest_route=\/wp\/v2\/types\/post"}],"author":[{"embeddable":true,"href":"https:\/\/diarioregionaldigital.com.br\/index.php?rest_route=\/wp\/v2\/users\/246"}],"replies":[{"embeddable":true,"href":"https:\/\/diarioregionaldigital.com.br\/index.php?rest_route=%2Fwp%2Fv2%2Fcomments&post=204595"}],"version-history":[{"count":1,"href":"https:\/\/diarioregionaldigital.com.br\/index.php?rest_route=\/wp\/v2\/posts\/204595\/revisions"}],"predecessor-version":[{"id":204597,"href":"https:\/\/diarioregionaldigital.com.br\/index.php?rest_route=\/wp\/v2\/posts\/204595\/revisions\/204597"}],"wp:featuredmedia":[{"embeddable":true,"href":"https:\/\/diarioregionaldigital.com.br\/index.php?rest_route=\/wp\/v2\/media\/204596"}],"wp:attachment":[{"href":"https:\/\/diarioregionaldigital.com.br\/index.php?rest_route=%2Fwp%2Fv2%2Fmedia&parent=204595"}],"wp:term":[{"taxonomy":"category","embeddable":true,"href":"https:\/\/diarioregionaldigital.com.br\/index.php?rest_route=%2Fwp%2Fv2%2Fcategories&post=204595"},{"taxonomy":"post_tag","embeddable":true,"href":"https:\/\/diarioregionaldigital.com.br\/index.php?rest_route=%2Fwp%2Fv2%2Ftags&post=204595"}],"curies":[{"name":"wp","href":"https:\/\/api.w.org\/{rel}","templated":true}]}}