{"id":204592,"date":"2022-09-22T20:23:12","date_gmt":"2022-09-22T23:23:12","guid":{"rendered":"https:\/\/diarioregionaldigital.com.br\/?p=204592"},"modified":"2022-09-22T20:23:12","modified_gmt":"2022-09-22T23:23:12","slug":"economia-angra-1-volta-ao-sin-depois-de-parada-para-reabastecimento","status":"publish","type":"post","link":"https:\/\/diarioregionaldigital.com.br\/?p=204592","title":{"rendered":"Economia Angra 1 volta ao SIN, depois de parada para reabastecimento"},"content":{"rendered":"<p>A usina nuclear Angra 1 foi conectada ao Sistema Interligado Nacional (SIN) \u00e0s 5h17 desta quinta-feira (22), ap\u00f3s a realiza\u00e7\u00e3o de uma parada programada de reabastecimento de combust\u00edvel. A informa\u00e7\u00e3o foi dada pela Eletronuclear, empresa respons\u00e1vel pela opera\u00e7\u00e3o e constru\u00e7\u00e3o das usinas termonucleares no Brasil.<img decoding=\"async\" src=\"https:\/\/agenciabrasil.ebc.com.br\/ebc.png?id=1483930&amp;o=node\" \/><img decoding=\"async\" src=\"https:\/\/agenciabrasil.ebc.com.br\/ebc.gif?id=1483930&amp;o=node\" \/><\/p>\n<p>A unidade estava desligada desde 11 de agosto e deve alcan\u00e7ar 100% de pot\u00eancia no domingo (25). Com capacidade para gera\u00e7\u00e3o de 640 megawatts (MW) el\u00e9tricos, Angra 1 gera energia suficiente para suprir uma cidade de um milh\u00e3o de habitantes. A unidade entrou em opera\u00e7\u00e3o comercial em 1985.<\/p>\n<p>Em nota, a Eletronuclear informou que, durante a parada, cerca de um ter\u00e7o do combust\u00edvel nuclear foi substitu\u00eddo.<\/p>\n<p>As equipes da usina efetuaram ainda nesse per\u00edodo atividades de inspe\u00e7\u00e3o e manuten\u00e7\u00e3o peri\u00f3dicas e diversas modifica\u00e7\u00f5es de projeto, que precisam ser feitas com a planta desligada.<\/p>\n<p><span style=\"font-weight: 400;\">Fonte: Ag\u00eancia Brasil <\/span><\/p>\n","protected":false},"excerpt":{"rendered":"<p>A usina nuclear Angra 1 foi conectada ao Sistema Interligado Nacional (SIN) \u00e0s 5h17 desta quinta-feira (22), ap\u00f3s a realiza\u00e7\u00e3o de uma parada programada de reabastecimento de combust\u00edvel. A informa\u00e7\u00e3o foi dada pela Eletronuclear, empresa respons\u00e1vel pela opera\u00e7\u00e3o e constru\u00e7\u00e3o das usinas termonucleares no Brasil. A unidade estava desligada desde 11 de agosto e deve [&hellip;]<\/p>\n","protected":false},"author":246,"featured_media":204593,"comment_status":"closed","ping_status":"closed","sticky":false,"template":"","format":"standard","meta":{"footnotes":""},"categories":[436,440,261,439],"tags":[],"class_list":["post-204592","post","type-post","status-publish","format-standard","has-post-thumbnail","hentry","category-destaque-da-semana","category-destaques-do-dia","category-economia","category-ultima-hora"],"_links":{"self":[{"href":"https:\/\/diarioregionaldigital.com.br\/index.php?rest_route=\/wp\/v2\/posts\/204592","targetHints":{"allow":["GET"]}}],"collection":[{"href":"https:\/\/diarioregionaldigital.com.br\/index.php?rest_route=\/wp\/v2\/posts"}],"about":[{"href":"https:\/\/diarioregionaldigital.com.br\/index.php?rest_route=\/wp\/v2\/types\/post"}],"author":[{"embeddable":true,"href":"https:\/\/diarioregionaldigital.com.br\/index.php?rest_route=\/wp\/v2\/users\/246"}],"replies":[{"embeddable":true,"href":"https:\/\/diarioregionaldigital.com.br\/index.php?rest_route=%2Fwp%2Fv2%2Fcomments&post=204592"}],"version-history":[{"count":1,"href":"https:\/\/diarioregionaldigital.com.br\/index.php?rest_route=\/wp\/v2\/posts\/204592\/revisions"}],"predecessor-version":[{"id":204594,"href":"https:\/\/diarioregionaldigital.com.br\/index.php?rest_route=\/wp\/v2\/posts\/204592\/revisions\/204594"}],"wp:featuredmedia":[{"embeddable":true,"href":"https:\/\/diarioregionaldigital.com.br\/index.php?rest_route=\/wp\/v2\/media\/204593"}],"wp:attachment":[{"href":"https:\/\/diarioregionaldigital.com.br\/index.php?rest_route=%2Fwp%2Fv2%2Fmedia&parent=204592"}],"wp:term":[{"taxonomy":"category","embeddable":true,"href":"https:\/\/diarioregionaldigital.com.br\/index.php?rest_route=%2Fwp%2Fv2%2Fcategories&post=204592"},{"taxonomy":"post_tag","embeddable":true,"href":"https:\/\/diarioregionaldigital.com.br\/index.php?rest_route=%2Fwp%2Fv2%2Ftags&post=204592"}],"curies":[{"name":"wp","href":"https:\/\/api.w.org\/{rel}","templated":true}]}}