{"id":204588,"date":"2022-09-22T00:20:16","date_gmt":"2022-09-22T03:20:16","guid":{"rendered":"https:\/\/diarioregionaldigital.com.br\/?p=204588"},"modified":"2022-09-22T00:57:29","modified_gmt":"2022-09-22T03:57:29","slug":"palavras-comovem-testemunhos-arrastam-3","status":"publish","type":"post","link":"https:\/\/diarioregionaldigital.com.br\/?p=204588","title":{"rendered":"Palavras Comovem! Testemunhos Arrastam!"},"content":{"rendered":"<p>Meu caro leitor \u00e9 com alegria que novamente estamos chegando at\u00e9 voc\u00ea para mais uma edi\u00e7\u00e3o de palavras comovem mas testemunhos arrastam. Bem sei de sua expectativa para ler os testemunhos aqui apresentados. Hoje teremos dois belos testemunhos vamos ao primeiro:<br \/>\nB\u00ean\u00e7\u00e3o Padre meu nome \u00e9 clovis, estou passando pra dar noticias<br \/>\nEu estou bem<br \/>\nDesde o dia que o Senhor come\u00e7ou a rezar pra mim, gra\u00e7as a Deus a intercess\u00e3o de S\u00e3o Judas Tadeu e as ora\u00e7\u00f5es do padre Erelis estou me sentindo bem pois eu tinha<br \/>\nMuita dor de cabe\u00e7a era uma dor muito forte<br \/>\nMais agora estou me sentindo muito bem<br \/>\nObrigado padre Erelis por suas ora\u00e7\u00f5es, gratid\u00e3o<br \/>\nB\u00ean\u00e7\u00e3o.vamos ao segundo testemunho:<br \/>\nBoa tarde grupo S\u00e3o Judas Tadeu gostaria de agradecer a Nara, a F\u00e1tima, a toda equipe que reza o ter\u00e7o nos diversos hor\u00e1rios em fim a todos que rezaram para minha sobrinha. Ela fez a cirurgia ontem e j\u00e1 est\u00e1 de alta hoje meu muito obrigada a S\u00e3o Judas Tadeu e que ele interceda e aben\u00e7oe todos n\u00f3s.<br \/>\nObrigada padre Erelis e que Deus ilumine sempre o senhor. S\u00e3o Judas Tadeu sempre amparando todos n\u00f3s.<br \/>\nVejam como Deus age na vida das pessoas.<br \/>\nVejam como milagres acontecem! Convido voc\u00ea para participar da missa de S\u00e3o Judas Tadeu das causas imposs\u00edveis clamando a miseric\u00f3rdia de Jesus por sa\u00fade e liberta\u00e7\u00e3o as quartas feiras \u00e0s 19h na igreja de Santa Rita e o ter\u00e7o todos os dias \u00e0s 07h; \u00e0s 20e30 pelo YouTube; Facebook; Instagran do Santu\u00e1rio virtual S\u00e3o Judas Tadeu svsaojudastadeu e \u00e0s 22 pelo Whatzap. com deixo o n\u00famero do meu celular para me ligarem quando precisar de uma ora\u00e7\u00e3o 988652609 se eu n\u00e3o atender na hora eu retornarei assim que eu ver a liba\u00e7\u00e3o.<\/p>\n","protected":false},"excerpt":{"rendered":"<p>Meu caro leitor \u00e9 com alegria que novamente estamos chegando at\u00e9 voc\u00ea para mais uma edi\u00e7\u00e3o de palavras comovem mas testemunhos arrastam. Bem sei de sua expectativa para ler os testemunhos aqui apresentados. Hoje teremos dois belos testemunhos vamos ao primeiro: B\u00ean\u00e7\u00e3o Padre meu nome \u00e9 clovis, estou passando pra dar noticias Eu estou bem [&hellip;]<\/p>\n","protected":false},"author":96,"featured_media":0,"comment_status":"closed","ping_status":"closed","sticky":false,"template":"","format":"standard","meta":{"footnotes":""},"categories":[1245],"tags":[],"class_list":["post-204588","post","type-post","status-publish","format-standard","hentry","category-padre-erelis"],"_links":{"self":[{"href":"https:\/\/diarioregionaldigital.com.br\/index.php?rest_route=\/wp\/v2\/posts\/204588","targetHints":{"allow":["GET"]}}],"collection":[{"href":"https:\/\/diarioregionaldigital.com.br\/index.php?rest_route=\/wp\/v2\/posts"}],"about":[{"href":"https:\/\/diarioregionaldigital.com.br\/index.php?rest_route=\/wp\/v2\/types\/post"}],"author":[{"embeddable":true,"href":"https:\/\/diarioregionaldigital.com.br\/index.php?rest_route=\/wp\/v2\/users\/96"}],"replies":[{"embeddable":true,"href":"https:\/\/diarioregionaldigital.com.br\/index.php?rest_route=%2Fwp%2Fv2%2Fcomments&post=204588"}],"version-history":[{"count":1,"href":"https:\/\/diarioregionaldigital.com.br\/index.php?rest_route=\/wp\/v2\/posts\/204588\/revisions"}],"predecessor-version":[{"id":204589,"href":"https:\/\/diarioregionaldigital.com.br\/index.php?rest_route=\/wp\/v2\/posts\/204588\/revisions\/204589"}],"wp:attachment":[{"href":"https:\/\/diarioregionaldigital.com.br\/index.php?rest_route=%2Fwp%2Fv2%2Fmedia&parent=204588"}],"wp:term":[{"taxonomy":"category","embeddable":true,"href":"https:\/\/diarioregionaldigital.com.br\/index.php?rest_route=%2Fwp%2Fv2%2Fcategories&post=204588"},{"taxonomy":"post_tag","embeddable":true,"href":"https:\/\/diarioregionaldigital.com.br\/index.php?rest_route=%2Fwp%2Fv2%2Ftags&post=204588"}],"curies":[{"name":"wp","href":"https:\/\/api.w.org\/{rel}","templated":true}]}}