{"id":204579,"date":"2022-09-21T21:55:40","date_gmt":"2022-09-22T00:55:40","guid":{"rendered":"https:\/\/diarioregionaldigital.com.br\/?p=204579"},"modified":"2022-09-21T22:10:25","modified_gmt":"2022-09-22T01:10:25","slug":"programa-boniteza-realiza-128-intervencoes-nesta-quarta-21","status":"publish","type":"post","link":"https:\/\/diarioregionaldigital.com.br\/?p=204579","title":{"rendered":"Programa Boniteza realiza 128 interven\u00e7\u00f5es nesta quarta, 21"},"content":{"rendered":"<p>Segundo informa\u00e7\u00f5es do site da Prefeitura de Juiz de Fora (PJF), o\u00a0Programa Boniteza da Prefeitura de Juiz de Fora (PJF) opera em 128 interven\u00e7\u00f5es nesta quarta-feira, 21.<\/p>\n<p><strong>Obras<\/strong><br \/>\nOs Departamentos de Opera\u00e7\u00e3o e Manuten\u00e7\u00e3o em Obras (Domo) e de Estradas Vicinais da Secretaria de Obras t\u00eam previstas 19 a\u00e7\u00f5es.<\/p>\n<p><strong>Interven\u00e7\u00f5es em continuidade:<\/strong><\/p>\n<p>&#8211; Constru\u00e7\u00e3o de muro de conten\u00e7\u00e3o &#8211; Rua Z\u00e9lia Maria Valentin &#8211; S\u00e3o Pedro<\/p>\n<p>&#8211; Modifica\u00e7\u00e3o de rede &#8211; Rua Am\u00e9rico lobo<\/p>\n<p>&#8211; Corre\u00e7\u00e3o de eros\u00e3o &#8211; Rua Jos\u00e9 Lib\u00e2nio Rodrigues &#8211; Bandeirantes<\/p>\n<p>&#8211; Execu\u00e7\u00e3o de enroncamento &#8211; Rua Tompson Palhares &#8211; Santa Luzia<\/p>\n<p>&#8211; Coloca\u00e7\u00e3o de grades de concreto &#8211; Avenida Get\u00falio Vargas &#8211; Centro<\/p>\n<p>&#8211; Coloca\u00e7\u00e3o de material &#8211; Rua Professor Cris<\/p>\n<p>&#8211; Patrolamento &#8211; Estrada do caracol &#8211; Santa Cruz<\/p>\n<p>&#8211; Constru\u00e7\u00e3o de boca lobo &#8211; Rua dos pinheirais<\/p>\n<p>&#8211; Coloca\u00e7\u00e3o de material em pontos cr\u00edticos &#8211; Estrada dos cordeiros<\/p>\n<p>&#8211; Coloca\u00e7\u00e3o de material &#8211; Estrada de Boa Vista a Toledos &#8211; Torre\u00f5es<\/p>\n<p>&#8211; Coloca\u00e7\u00e3o de material &#8211; Estrada serra da saudade<\/p>\n<p><strong>Novas interven\u00e7\u00f5es:<\/strong><\/p>\n<p>&#8211; Coloca\u00e7\u00e3o de tampa em boca de lobo &#8211; Avenida Governador Valadares<\/p>\n<p>&#8211; Coloca\u00e7\u00e3o de tampa em boca de lobo &#8211; Rua Jos\u00e9 Rafael de Souza Antunes<\/p>\n<p>&#8211; Coloca\u00e7\u00e3o de tampa em boca de lobo &#8211; Rua Bar\u00e3o do Retiro<\/p>\n<p>&#8211; Execu\u00e7\u00e3o de leira &#8211; Rua Energina Firman &#8211; Nossa Senhora de Lourdes<\/p>\n<p>&#8211; Encabe\u00e7amento de bueiro &#8211; Estrada dos pires<\/p>\n<p>&#8211; Transporte de material para dep\u00f3sito &#8211; Estrada da Aurora &#8211; Caet\u00e9<\/p>\n<p>&#8211; Coloca\u00e7\u00e3o de material &#8211; Estrada do Palmital<\/p>\n<p>&#8211; Coloca\u00e7\u00e3o de material &#8211; Estrada da Varginha<\/p>\n<p><strong>Ilumina\u00e7\u00e3o P\u00fablica<\/strong><br \/>\nO departamento de Ilumina\u00e7\u00e3o P\u00fablica da PJF d\u00e1 continuidade \u00e0s a\u00e7\u00f5es com a previs\u00e3o de trocas de 109 l\u00e2mpadas em todas as regi\u00f5es.<\/p>\n<p><strong>Bom Pastor<\/strong><\/p>\n<p>Acesso Granbery Bom Pastor<\/p>\n<p>Rua Pedro Goncalves De Oliveira<\/p>\n<p><strong>Filgueiras<\/strong><\/p>\n<p>Rua Manoel Teixeira Salgado<\/p>\n<p>Estrada Para Filgueiras<\/p>\n<p>Avenida Orlando Riani<\/p>\n<p>Rua Maria Candida Rezende<\/p>\n<p><strong>Barreira Do Triunfo<\/strong><\/p>\n<p>Avenida Eud\u00f3xio Infante Vieira<\/p>\n<p><strong>Jardim Natal<\/strong><\/p>\n<p>Rua Felippe Jos\u00e9<\/p>\n<p>Rua Ana Augusta De Souza<br \/>\n<strong>Vivendas Das Fontes<\/strong><\/p>\n<p>&nbsp;<\/p>\n<p>Rua Dos Canarinhos<\/p>\n<p><strong>S\u00e3o Pedro<\/strong><\/p>\n<p>Avenida Presidente Costa E Silva<\/p>\n<p>Rua Alberto Pinto<\/p>\n<p><strong>Borboleta<\/strong><\/p>\n<p>Rua Engenheiro Edmundo Schimidt<\/p>\n<p><strong>Vila Ideal<\/strong><\/p>\n<p>Rua Jo\u00e3o Luiz Alves<\/p>\n<p>Rua Alberto Dalpra<\/p>\n<p>Rua Alexandre Joaquim De Siqueira<\/p>\n<p><strong>Olavo Costa<\/strong><\/p>\n<p>Rua Sargento Jo\u00e3o Orlando Daniel<\/p>\n<p><strong>Santa Luzia<\/strong><\/p>\n<p>Pra\u00e7a De Santa Luzia<\/p>\n<p>Avenida Ibitiguaia<\/p>\n<p><strong>Estrela Sul<\/strong><\/p>\n<p>Rua P\u00e9tala Misteriosa<\/p>\n<p><strong>Terras Altas<\/strong><\/p>\n<p>Rua Wilson Gomes De Freitas<\/p>\n<p><strong>Furtado De Menezes<\/strong><\/p>\n<p>Rua Azevedo Neto<\/p>\n<p><strong>Jardim Esperanca<\/strong><\/p>\n<p>Rua Argemiro Fran\u00e7a<\/p>\n<p><strong>Vila Ozanan<\/strong><\/p>\n<p>Rua Major Jo\u00e3o Martins<\/p>\n<p><strong>Solidariedade<\/strong><\/p>\n<p>Rua Helena P Blavhtsky<\/p>\n<p><strong>Valadares<\/strong><\/p>\n<p>Estrada 1 Avenida Dos Guedes Condomanio Fazenda Valadares<\/p>\n<p><strong>Vina Del Mar<\/strong><\/p>\n<p>Rua Professor Virg\u00edlio Pereira Da Silva<\/p>\n<p><strong>Jardim Casablanca<\/strong><\/p>\n<p>Rua Engenheiro Lager Palmer<\/p>\n<p><strong>Adolfo Vireque<\/strong><\/p>\n<p>Rua Ad\u00e3o Barbosa Lima<\/p>\n<p><strong>Itatiaia<\/strong><\/p>\n<p>Avenida Presidente Costa E Silva<\/p>\n<p>Rua Lauro Teles De Mesquita<\/p>\n<p>Rua Sady Monteiro Boechat<\/p>\n<p><strong>Cerro Azul<\/strong><\/p>\n<p>Estrada Engenheiro Gentil Forn<\/p>\n<p><strong>Santana<\/strong><\/p>\n<p>Rua Doutor Pedro Peter<\/p>\n<p><strong>Nossa Senhora De F\u00e1tima<\/strong><\/p>\n<p>Rua Celina Maria Ribeiro<\/p>\n<p><strong>Nova Era II<\/strong><\/p>\n<p>Rua Walter Nogueira De Carvalho<\/p>\n<p>Rua Salvador Del Duca<\/p>\n<p><strong>Igrejinha<\/strong><\/p>\n<p>Rua Jose Dos Anjos<\/p>\n<p><strong>Barbosa Lage<\/strong><\/p>\n<p>Avenida Ant\u00f4nio Weitzel<\/p>\n<p><strong>Cidade Do Sol<\/strong><\/p>\n<p>Rua Franklin De Paula Marques<\/p>\n<p><strong>Distrito Industrial<\/strong><\/p>\n<p>Rua Das Palmeiras<\/p>\n<p><strong>S\u00e3o Dimas<\/strong><\/p>\n<p>Rua Coronel Vidal<\/p>\n<p><strong>Jardim Cachoeira<\/strong><\/p>\n<p>Rua Arno Krambeck Duque<\/p>\n<p><strong>Nossa Senhora Das Gra\u00e7as<\/strong><\/p>\n<p>Rua Jo\u00e3o Alexandre<\/p>\n<p><strong>Centen\u00e1rio<\/strong><\/p>\n<p>Rua Doutor L\u00edvio De Oliveira Motta<\/p>\n<p><strong>Parque Independ\u00eancia<\/strong><\/p>\n<p>Rua Jos\u00e9 Segantini<\/p>\n<p><strong>Bom Clima<\/strong><\/p>\n<p>Rua Jo\u00e3o Faria Junior<\/p>\n<p><strong>Nossa Senhora Aparecida<\/strong><\/p>\n<p>Rua Orlando Riani<\/p>\n<p><strong>Grama<\/strong><\/p>\n<p>Avenida Juiz De Fora<\/p>\n<p>Rua Diomar Monteiro<\/p>\n<p><strong>Passos<\/strong><\/p>\n<p>Rua Dom Silv\u00e9rio<\/p>\n<p><strong>Morro Da Gl\u00f3ria<\/strong><\/p>\n<p>Rua Dom Lasagna<\/p>\n<p><strong>Santa Cec\u00edlia<\/strong><\/p>\n<p>Rua Protestato Silva<\/p>\n<p><strong>Mundo Novo<\/strong><\/p>\n<p>Rua Onofre Mendes<\/p>\n<p><strong>Jardim Gloria<\/strong><\/p>\n<p>Rua Doutor Jo\u00e3o Pinheiro<\/p>\n<p>Avenida Dos Andradas<\/p>\n<p><strong>Solidariedade<\/strong><\/p>\n<p>Rua Helena P Blavhtsky<\/p>\n<p><strong>Gabinete de A\u00e7\u00e3o e Di\u00e1logo Comunit\u00e1rio<\/strong><\/p>\n<p>As a\u00e7\u00f5es da Secretaria de Obras s\u00e3o realizadas atrav\u00e9s do Gabinete de A\u00e7\u00e3o e Di\u00e1logo Comunit\u00e1rio, que recebe demandas de melhorias urbanas pelo n\u00famero (32) 3690-7241, por liga\u00e7\u00e3o ou WhatsApp.<br \/>\nNo\u00a0<a href=\"https:\/\/www.pjf.mg.gov.br\/gabinetecomunitario\/\"><strong>site do gabinete<\/strong><\/a>, est\u00e3o dispon\u00edveis informa\u00e7\u00f5es atualizadas\u00a0 diariamente sobre os servi\u00e7os realizados pelas secretarias de Obras (SO); de Sustentabilidade em Meio Ambiente e Atividades Urbanas (Sesmaur); de Mobilidade Urbana (SMU); e pela\u00a0 Empresa Municipal de Pavimenta\u00e7\u00e3o e Urbaniza\u00e7\u00e3o (Empav); Departamento Municipal de Limpeza Urbana (Demlurb); e Companhia de Saneamento Municipal (Cesama).<\/p>\n","protected":false},"excerpt":{"rendered":"<p>Segundo informa\u00e7\u00f5es do site da Prefeitura de Juiz de Fora (PJF), o\u00a0Programa Boniteza da Prefeitura de Juiz de Fora (PJF) opera em 128 interven\u00e7\u00f5es nesta quarta-feira, 21. Obras Os Departamentos de Opera\u00e7\u00e3o e Manuten\u00e7\u00e3o em Obras (Domo) e de Estradas Vicinais da Secretaria de Obras t\u00eam previstas 19 a\u00e7\u00f5es. Interven\u00e7\u00f5es em continuidade: &#8211; Constru\u00e7\u00e3o de [&hellip;]<\/p>\n","protected":false},"author":246,"featured_media":204580,"comment_status":"closed","ping_status":"closed","sticky":false,"template":"","format":"standard","meta":{"footnotes":""},"categories":[253,436,439],"tags":[],"class_list":["post-204579","post","type-post","status-publish","format-standard","has-post-thumbnail","hentry","category-cidade","category-destaque-da-semana","category-ultima-hora"],"_links":{"self":[{"href":"https:\/\/diarioregionaldigital.com.br\/index.php?rest_route=\/wp\/v2\/posts\/204579","targetHints":{"allow":["GET"]}}],"collection":[{"href":"https:\/\/diarioregionaldigital.com.br\/index.php?rest_route=\/wp\/v2\/posts"}],"about":[{"href":"https:\/\/diarioregionaldigital.com.br\/index.php?rest_route=\/wp\/v2\/types\/post"}],"author":[{"embeddable":true,"href":"https:\/\/diarioregionaldigital.com.br\/index.php?rest_route=\/wp\/v2\/users\/246"}],"replies":[{"embeddable":true,"href":"https:\/\/diarioregionaldigital.com.br\/index.php?rest_route=%2Fwp%2Fv2%2Fcomments&post=204579"}],"version-history":[{"count":3,"href":"https:\/\/diarioregionaldigital.com.br\/index.php?rest_route=\/wp\/v2\/posts\/204579\/revisions"}],"predecessor-version":[{"id":204583,"href":"https:\/\/diarioregionaldigital.com.br\/index.php?rest_route=\/wp\/v2\/posts\/204579\/revisions\/204583"}],"wp:featuredmedia":[{"embeddable":true,"href":"https:\/\/diarioregionaldigital.com.br\/index.php?rest_route=\/wp\/v2\/media\/204580"}],"wp:attachment":[{"href":"https:\/\/diarioregionaldigital.com.br\/index.php?rest_route=%2Fwp%2Fv2%2Fmedia&parent=204579"}],"wp:term":[{"taxonomy":"category","embeddable":true,"href":"https:\/\/diarioregionaldigital.com.br\/index.php?rest_route=%2Fwp%2Fv2%2Fcategories&post=204579"},{"taxonomy":"post_tag","embeddable":true,"href":"https:\/\/diarioregionaldigital.com.br\/index.php?rest_route=%2Fwp%2Fv2%2Ftags&post=204579"}],"curies":[{"name":"wp","href":"https:\/\/api.w.org\/{rel}","templated":true}]}}