{"id":204576,"date":"2022-09-21T21:52:57","date_gmt":"2022-09-22T00:52:57","guid":{"rendered":"https:\/\/diarioregionaldigital.com.br\/?p=204576"},"modified":"2022-09-21T21:52:57","modified_gmt":"2022-09-22T00:52:57","slug":"inicio-das-acoes-da-semana-nacional-de-transito-conta-com-distribuicao-de-banners-pela-cidade","status":"publish","type":"post","link":"https:\/\/diarioregionaldigital.com.br\/?p=204576","title":{"rendered":"In\u00edcio das a\u00e7\u00f5es da Semana Nacional de Tr\u00e2nsito conta com distribui\u00e7\u00e3o de banners pela cidade"},"content":{"rendered":"<p>Segundo informa\u00e7\u00f5es do site da Prefeitura de Juiz de Fora (PJF), nesta quarta-feira, 21, come\u00e7aram as a\u00e7\u00f5es da Semana Nacional de Tr\u00e2nsito, e com intuito de informar os usu\u00e1rios do estacionamento da Prefeitura de Juiz de Fora (PJF), foram distribu\u00eddos diversos banners em locais estrat\u00e9gicos do estacionamento.<\/p>\n<p>As artes foram criadas e colocadas nesse meio com intuito de trazer proximidade e empatia entre os condutores e pedestres, al\u00e9m de conscientizar sobre a necessidade de respeitar as regras de tr\u00e2nsito, e a import\u00e2ncia de estar atento \u00e0s normas de seguran\u00e7a, j\u00e1 que \u00e9 um ambiente compartilhado com um espa\u00e7o reduzido de fluxos, tanto para pedestres, quanto para condutores.<\/p>\n<p>Tamb\u00e9m foram espalhados diversos banners pela cidade nas vagas preferenciais. Com o prop\u00f3sito de sensibilizar e conscientizar a todos os usu\u00e1rios da via p\u00fablica sobre a necessidade de\u00a0 preserva\u00e7\u00e3o e respeito \u00e0s vagas para Pessoas com Defici\u00eancia. As vagas s\u00e3o criadas com o objetivo de ajudar na mobilidade de quem de fato precisa.<\/p>\n<p><strong>Confira a programa\u00e7\u00e3o dos pr\u00f3ximos dias:<\/strong><br \/>\n<strong>De 19\/09 a 24\/09<\/strong><\/p>\n<p>&#8211; Conscientiza\u00e7\u00e3o dos motoristas da PJF sobre respeito \u00e0s regras de tr\u00e2nsito e dire\u00e7\u00e3o defensiva. Iniciativa da Ammep (Associa\u00e7\u00e3o Municipal dos Motoristas Efetivos da PJF).<\/p>\n<p>&nbsp;<\/p>\n<p><strong>Dia 20\/09<\/strong><\/p>\n<p>&#8211; Palestra Educativa na Escola Municipal Am\u00e9lia Mascarenhas, com a Guarda Municipal de Juiz de Fora<\/p>\n<p>&nbsp;<\/p>\n<p><strong>Dias 20 e 21\/09<\/strong><\/p>\n<p>&#8211; A\u00e7\u00e3o de mobiliza\u00e7\u00e3o e educa\u00e7\u00e3o para o tr\u00e2nsito para os motoristas da Superintend\u00eancia Regional de Sa\u00fade de Juiz de Fora e os dos munic\u00edpios sob sua jurisdi\u00e7\u00e3o.<\/p>\n<p>&nbsp;<\/p>\n<p><strong>Dia 21\/09<\/strong><\/p>\n<p>&#8211; Semin\u00e1rio \u201cO desafio de salvar vidas no tr\u00e2nsito&#8221;. Necess\u00e1ria inscri\u00e7\u00e3o pr\u00e9via pelo site. Evento com certificado pela OAB. Vagas limitadas.<\/p>\n<p>&nbsp;<\/p>\n<p><strong>Dia 22\/09<\/strong><\/p>\n<p>&#8211; Campanha educativa direcionada aos profissionais e usu\u00e1rios do transporte coletivo urbano.<\/p>\n<p>&nbsp;<\/p>\n<p><strong>Dia 23\/09<\/strong><\/p>\n<p>&#8211; Blitz educativa no Pelot\u00e3o Policial na MG 353, Km 70, bairro Grama.<\/p>\n","protected":false},"excerpt":{"rendered":"<p>Segundo informa\u00e7\u00f5es do site da Prefeitura de Juiz de Fora (PJF), nesta quarta-feira, 21, come\u00e7aram as a\u00e7\u00f5es da Semana Nacional de Tr\u00e2nsito, e com intuito de informar os usu\u00e1rios do estacionamento da Prefeitura de Juiz de Fora (PJF), foram distribu\u00eddos diversos banners em locais estrat\u00e9gicos do estacionamento. As artes foram criadas e colocadas nesse meio [&hellip;]<\/p>\n","protected":false},"author":246,"featured_media":204577,"comment_status":"closed","ping_status":"closed","sticky":false,"template":"","format":"standard","meta":{"footnotes":""},"categories":[253,436,439],"tags":[],"class_list":["post-204576","post","type-post","status-publish","format-standard","has-post-thumbnail","hentry","category-cidade","category-destaque-da-semana","category-ultima-hora"],"_links":{"self":[{"href":"https:\/\/diarioregionaldigital.com.br\/index.php?rest_route=\/wp\/v2\/posts\/204576","targetHints":{"allow":["GET"]}}],"collection":[{"href":"https:\/\/diarioregionaldigital.com.br\/index.php?rest_route=\/wp\/v2\/posts"}],"about":[{"href":"https:\/\/diarioregionaldigital.com.br\/index.php?rest_route=\/wp\/v2\/types\/post"}],"author":[{"embeddable":true,"href":"https:\/\/diarioregionaldigital.com.br\/index.php?rest_route=\/wp\/v2\/users\/246"}],"replies":[{"embeddable":true,"href":"https:\/\/diarioregionaldigital.com.br\/index.php?rest_route=%2Fwp%2Fv2%2Fcomments&post=204576"}],"version-history":[{"count":1,"href":"https:\/\/diarioregionaldigital.com.br\/index.php?rest_route=\/wp\/v2\/posts\/204576\/revisions"}],"predecessor-version":[{"id":204578,"href":"https:\/\/diarioregionaldigital.com.br\/index.php?rest_route=\/wp\/v2\/posts\/204576\/revisions\/204578"}],"wp:featuredmedia":[{"embeddable":true,"href":"https:\/\/diarioregionaldigital.com.br\/index.php?rest_route=\/wp\/v2\/media\/204577"}],"wp:attachment":[{"href":"https:\/\/diarioregionaldigital.com.br\/index.php?rest_route=%2Fwp%2Fv2%2Fmedia&parent=204576"}],"wp:term":[{"taxonomy":"category","embeddable":true,"href":"https:\/\/diarioregionaldigital.com.br\/index.php?rest_route=%2Fwp%2Fv2%2Fcategories&post=204576"},{"taxonomy":"post_tag","embeddable":true,"href":"https:\/\/diarioregionaldigital.com.br\/index.php?rest_route=%2Fwp%2Fv2%2Ftags&post=204576"}],"curies":[{"name":"wp","href":"https:\/\/api.w.org\/{rel}","templated":true}]}}