{"id":204573,"date":"2022-09-21T21:50:08","date_gmt":"2022-09-22T00:50:08","guid":{"rendered":"https:\/\/diarioregionaldigital.com.br\/?p=204573"},"modified":"2022-09-21T21:50:08","modified_gmt":"2022-09-22T00:50:08","slug":"pjf-garante-mais-17-linhas-circulando-com-onibus-zero-quilometro-a-partir-desta-sexta-feira-23","status":"publish","type":"post","link":"https:\/\/diarioregionaldigital.com.br\/?p=204573","title":{"rendered":"PJF garante mais 17 linhas circulando com \u00f4nibus zero-quil\u00f4metro a partir desta sexta-feira, 23"},"content":{"rendered":"<p>Segundo informa\u00e7\u00f5es do site da Prefeitura de Juiz de Fora (PJF), o\u00a0Cons\u00f3rcio Via JF assume mais 17 linhas a partir desta sexta-feira, 23. A Prefeitura de Juiz de Fora (PJF) informa que o atendimento ser\u00e1 realizado com os novos \u00f4nibus, zero-quil\u00f4metro, que est\u00e3o renovando a frota do transporte coletivo na cidade.<\/p>\n<p><strong>Confira as linhas que ser\u00e3o beneficiadas:<\/strong><\/p>\n<p>400 (Alto Graja\u00fa), 412 (Parque Burnier), 413 (Bom Jardim), 420 (Linhares), 422 (Santa C\u00e2ndida), 426 (Graja\u00fa), 431 (S\u00e3o Benedito), 434 (Vila alpina), 445 (Nossa Senhora de Lourdes), 511 (Dom Bosco), 512 (Dom Bosco), 516 (S\u00e3o Pedro), 519 (Torre\u00f5es \u2013 Via Estrada Rio Preto), 520 (Aeroporto), 521 (Teixeiras), 522 (Teixeiras) e 547 (Nossa Senhora de F\u00e1tima).<\/p>\n<p>Com esta nova altera\u00e7\u00e3o, todas as linhas de prefixo 300 e 400 passam a ser operadas pelo Cons\u00f3rcio Via JF. At\u00e9 domingo, 25, todos os 170 \u00f4nibus zero-quil\u00f4metro da nova frota do transporte coletivo j\u00e1 estar\u00e3o na cidade.<\/p>\n","protected":false},"excerpt":{"rendered":"<p>Segundo informa\u00e7\u00f5es do site da Prefeitura de Juiz de Fora (PJF), o\u00a0Cons\u00f3rcio Via JF assume mais 17 linhas a partir desta sexta-feira, 23. A Prefeitura de Juiz de Fora (PJF) informa que o atendimento ser\u00e1 realizado com os novos \u00f4nibus, zero-quil\u00f4metro, que est\u00e3o renovando a frota do transporte coletivo na cidade. Confira as linhas que [&hellip;]<\/p>\n","protected":false},"author":246,"featured_media":204574,"comment_status":"closed","ping_status":"closed","sticky":false,"template":"","format":"standard","meta":{"footnotes":""},"categories":[253,436,439],"tags":[],"class_list":["post-204573","post","type-post","status-publish","format-standard","has-post-thumbnail","hentry","category-cidade","category-destaque-da-semana","category-ultima-hora"],"_links":{"self":[{"href":"https:\/\/diarioregionaldigital.com.br\/index.php?rest_route=\/wp\/v2\/posts\/204573","targetHints":{"allow":["GET"]}}],"collection":[{"href":"https:\/\/diarioregionaldigital.com.br\/index.php?rest_route=\/wp\/v2\/posts"}],"about":[{"href":"https:\/\/diarioregionaldigital.com.br\/index.php?rest_route=\/wp\/v2\/types\/post"}],"author":[{"embeddable":true,"href":"https:\/\/diarioregionaldigital.com.br\/index.php?rest_route=\/wp\/v2\/users\/246"}],"replies":[{"embeddable":true,"href":"https:\/\/diarioregionaldigital.com.br\/index.php?rest_route=%2Fwp%2Fv2%2Fcomments&post=204573"}],"version-history":[{"count":2,"href":"https:\/\/diarioregionaldigital.com.br\/index.php?rest_route=\/wp\/v2\/posts\/204573\/revisions"}],"predecessor-version":[{"id":204584,"href":"https:\/\/diarioregionaldigital.com.br\/index.php?rest_route=\/wp\/v2\/posts\/204573\/revisions\/204584"}],"wp:featuredmedia":[{"embeddable":true,"href":"https:\/\/diarioregionaldigital.com.br\/index.php?rest_route=\/wp\/v2\/media\/204574"}],"wp:attachment":[{"href":"https:\/\/diarioregionaldigital.com.br\/index.php?rest_route=%2Fwp%2Fv2%2Fmedia&parent=204573"}],"wp:term":[{"taxonomy":"category","embeddable":true,"href":"https:\/\/diarioregionaldigital.com.br\/index.php?rest_route=%2Fwp%2Fv2%2Fcategories&post=204573"},{"taxonomy":"post_tag","embeddable":true,"href":"https:\/\/diarioregionaldigital.com.br\/index.php?rest_route=%2Fwp%2Fv2%2Ftags&post=204573"}],"curies":[{"name":"wp","href":"https:\/\/api.w.org\/{rel}","templated":true}]}}