{"id":204568,"date":"2022-09-21T21:45:02","date_gmt":"2022-09-22T00:45:02","guid":{"rendered":"https:\/\/diarioregionaldigital.com.br\/?p=204568"},"modified":"2022-09-22T03:25:46","modified_gmt":"2022-09-22T06:25:46","slug":"juiz-de-fora-passa-pelo-2o-maior-vendaval-desde-2007","status":"publish","type":"post","link":"https:\/\/diarioregionaldigital.com.br\/?p=204568","title":{"rendered":"Juiz de Fora passa pelo 2\u00ba maior vendaval desde 2007"},"content":{"rendered":"<p>Segundo informa\u00e7\u00f5es do site da Prefeitura de Juiz de Fora (PJF), foi informado que a chuva que caiu na cidade, na tarde desta quarta-feira, 21, atingiu ventos de at\u00e9 93,2 quil\u00f4metros por hora, segundo os registros do Instituto Nacional de Meteorologia (Inmet). De acordo com informa\u00e7\u00f5es do Centro Nacional de Monitoramento e Alertas de Desastres Naturais, o volume de \u00e1gua acumulado em apenas 30 minutos registrou 42,35 mm no Bairro de Lourdes, 32,12 mm na Universidade Federal de Juiz de Fora, 25,82 mm em Santa Luzia e 21,32 mm em Graminha.<\/p>\n<div style=\"width: 848px;\" class=\"wp-video\"><!--[if lt IE 9]><script>document.createElement('video');<\/script><![endif]-->\n<video class=\"wp-video-shortcode\" id=\"video-204568-1\" width=\"848\" height=\"480\" preload=\"metadata\" controls=\"controls\"><source type=\"video\/mp4\" src=\"https:\/\/diarioregionaldigital.com.br\/wp-content\/uploads\/2022\/09\/WhatsApp-Video-2022-09-21-at-17.24.02.mp4?_=1\" \/><a href=\"https:\/\/diarioregionaldigital.com.br\/wp-content\/uploads\/2022\/09\/WhatsApp-Video-2022-09-21-at-17.24.02.mp4\">https:\/\/diarioregionaldigital.com.br\/wp-content\/uploads\/2022\/09\/WhatsApp-Video-2022-09-21-at-17.24.02.mp4<\/a><\/video><\/div>\n<p>As equipes da Prefeitura foram deslocadas para a Avenida Itamar Franco, perto do Hospital Monte Sinai, viaduto Augusto Melo Franco, Avenida dos Andradas, Avenida Brasil, na altura do Col\u00e9gio Vianna Junior e em outras localidades da cidade.\u00a0 O\u00a0Corpo de bombeiros e agentes de tr\u00e2nsito da Prefeitura agiram no ponto de \u00f4nibus da Rio Branco que desabou. O ponto atingiu um ve\u00edculo e o motorista n\u00e3o se feriu. Nesta quinta-feira, 22, a equipe j\u00e1 estar\u00e1 no local para efetuar o reparo no ponto.<\/p>\n<p>Equipes da Prefeitura est\u00e3o atuando para normalizar a situa\u00e7\u00e3o em diversos pontos da cidade. No momento, a Avenida Brasil est\u00e1 com servi\u00e7os quase completos para a libera\u00e7\u00e3o total das vias. H\u00e1 atua\u00e7\u00f5es, tamb\u00e9m, na Rua\u00a0Jos\u00e9 Calil Ahuagi e na entrada do Furtado, para remover uma grande \u00e1rvore que se partiu no local. Na Avenida dos Andradas, quase esquina com a Rua Paula Lima, as \u00e1rvores que ca\u00edram sobre os carros que estavam estacionados j\u00e1 est\u00e3o retiradas com a presen\u00e7a de um caminh\u00e3o da Prefeitura.<\/p>\n<p>Na altura do Hospital Monte Sinai, a Gasmig foi acionada para reparos em uma vala aberta na via. Agentes de tr\u00e2nsito est\u00e3o atuando tamb\u00e9m no local. Equipes foram deslocadas para a Avenida Rio Branco para realizarem a limpeza de bocas de lobo no local. Foram realizados cortes de \u00e1rvores em \u00e1rvores que ca\u00edram na regi\u00e3o do bairro Furtado de Menezes. O Demlurb tamb\u00e9m est\u00e1 realizando a limpeza das \u00e1rvores cortadas em diversos pontos da cidade. At\u00e9 o momento, a Defesa Civil registrou seis\u00a0ocorr\u00eancias\u00a0nesta quarta-feira.<\/p>\n<p>Com as r\u00e1pidas a\u00e7\u00f5es da Prefeitura, diversos pontos da cidade j\u00e1 est\u00e3o retornando \u00e0 normalidade. Na Avenida Ibitiguaia, o tr\u00e2nsito j\u00e1 est\u00e1 com fluxo livre. No Santa Luzia, n\u00e3o houve transbordo do c\u00f3rrego. A\u00e7\u00f5es preventivas realizadas pela Prefeitura ajudaram no escoamento da \u00e1gua.\u00a0A Francisco Bernardino, a Avenida Brasil e a Rua da Bahia j\u00e1 foram desobstru\u00eddas.<\/p>\n<p>Assista aos\u00a0<strong><a href=\"https:\/\/twitter.com\/PrefeituraJF\">v\u00eddeos e a cobertura nas redes<\/a><\/strong>\u00a0da\u00a0<a href=\"https:\/\/www.instagram.com\/prefeiturajuizdefora\/\"><strong>Prefeitura de Juiz de Fora<\/strong><\/a>.<\/p>\n<p>Este foi o segundo maior vendaval desde o ano de 2007, quando foi implantada a esta\u00e7\u00e3o meteorol\u00f3gica autom\u00e1tica na UFJF, sendo a 1\u00aa em 26\/12\/2006 (98,64 km\/h) e a 2\u00aa a desta quarta-feira. Os n\u00fameros t\u00eam base na Escala de Beaufort, que classifica a intensidade dos ventos quanto a sua velocidade. Essa escala \u00e9 subdividida em 13 n\u00edveis. Hoje em Juiz de Fora foi registrado um caso de Vendaval\/tempestade (que se encontra no n\u00edvel 10 da Escala de Beaufort, que vai de vento calmo [n\u00edvel 0] at\u00e9 furac\u00e3o [n\u00edvel 12]).<\/p>\n<div style=\"width: 352px;\" class=\"wp-video\"><video class=\"wp-video-shortcode\" id=\"video-204568-2\" width=\"352\" height=\"640\" preload=\"metadata\" controls=\"controls\"><source type=\"video\/mp4\" src=\"https:\/\/diarioregionaldigital.com.br\/wp-content\/uploads\/2022\/09\/WhatsApp-Video-2022-09-21-at-17.24.01.mp4?_=2\" \/><a href=\"https:\/\/diarioregionaldigital.com.br\/wp-content\/uploads\/2022\/09\/WhatsApp-Video-2022-09-21-at-17.24.01.mp4\">https:\/\/diarioregionaldigital.com.br\/wp-content\/uploads\/2022\/09\/WhatsApp-Video-2022-09-21-at-17.24.01.mp4<\/a><\/video><\/div>\n<p>Os servi\u00e7os da Defesa Civil podem ser acionados atrav\u00e9s do telefone 199.<\/p>\n","protected":false},"excerpt":{"rendered":"<p>Segundo informa\u00e7\u00f5es do site da Prefeitura de Juiz de Fora (PJF), foi informado que a chuva que caiu na cidade, na tarde desta quarta-feira, 21, atingiu ventos de at\u00e9 93,2 quil\u00f4metros por hora, segundo os registros do Instituto Nacional de Meteorologia (Inmet). De acordo com informa\u00e7\u00f5es do Centro Nacional de Monitoramento e Alertas de Desastres [&hellip;]<\/p>\n","protected":false},"author":246,"featured_media":204569,"comment_status":"closed","ping_status":"closed","sticky":false,"template":"","format":"standard","meta":{"footnotes":""},"categories":[253,436,440,439],"tags":[],"class_list":["post-204568","post","type-post","status-publish","format-standard","has-post-thumbnail","hentry","category-cidade","category-destaque-da-semana","category-destaques-do-dia","category-ultima-hora"],"_links":{"self":[{"href":"https:\/\/diarioregionaldigital.com.br\/index.php?rest_route=\/wp\/v2\/posts\/204568","targetHints":{"allow":["GET"]}}],"collection":[{"href":"https:\/\/diarioregionaldigital.com.br\/index.php?rest_route=\/wp\/v2\/posts"}],"about":[{"href":"https:\/\/diarioregionaldigital.com.br\/index.php?rest_route=\/wp\/v2\/types\/post"}],"author":[{"embeddable":true,"href":"https:\/\/diarioregionaldigital.com.br\/index.php?rest_route=\/wp\/v2\/users\/246"}],"replies":[{"embeddable":true,"href":"https:\/\/diarioregionaldigital.com.br\/index.php?rest_route=%2Fwp%2Fv2%2Fcomments&post=204568"}],"version-history":[{"count":2,"href":"https:\/\/diarioregionaldigital.com.br\/index.php?rest_route=\/wp\/v2\/posts\/204568\/revisions"}],"predecessor-version":[{"id":204590,"href":"https:\/\/diarioregionaldigital.com.br\/index.php?rest_route=\/wp\/v2\/posts\/204568\/revisions\/204590"}],"wp:featuredmedia":[{"embeddable":true,"href":"https:\/\/diarioregionaldigital.com.br\/index.php?rest_route=\/wp\/v2\/media\/204569"}],"wp:attachment":[{"href":"https:\/\/diarioregionaldigital.com.br\/index.php?rest_route=%2Fwp%2Fv2%2Fmedia&parent=204568"}],"wp:term":[{"taxonomy":"category","embeddable":true,"href":"https:\/\/diarioregionaldigital.com.br\/index.php?rest_route=%2Fwp%2Fv2%2Fcategories&post=204568"},{"taxonomy":"post_tag","embeddable":true,"href":"https:\/\/diarioregionaldigital.com.br\/index.php?rest_route=%2Fwp%2Fv2%2Ftags&post=204568"}],"curies":[{"name":"wp","href":"https:\/\/api.w.org\/{rel}","templated":true}]}}