{"id":204565,"date":"2022-09-21T21:37:03","date_gmt":"2022-09-22T00:37:03","guid":{"rendered":"https:\/\/diarioregionaldigital.com.br\/?p=204565"},"modified":"2022-09-21T21:37:03","modified_gmt":"2022-09-22T00:37:03","slug":"conmebol-define-grupos-da-libertadores-feminina","status":"publish","type":"post","link":"https:\/\/diarioregionaldigital.com.br\/?p=204565","title":{"rendered":"Conmebol define grupos da Libertadores Feminina"},"content":{"rendered":"<p>A Conmebol (Confedera\u00e7\u00e3o Sul-Americana de Futebol) sorteou nesta ter\u00e7a-feira (20) os grupos da Libertadores Feminina, competi\u00e7\u00e3o que ser\u00e1 disputada entre os dias 13 e 28 de outubro na cidade de Quito (Equador). E o Brasil ser\u00e1 representado na competi\u00e7\u00e3o por Corinthians, Palmeiras e Ferrovi\u00e1ria.<img decoding=\"async\" src=\"https:\/\/agenciabrasil.ebc.com.br\/ebc.png?id=1483475&amp;o=node\" \/><img decoding=\"async\" src=\"https:\/\/agenciabrasil.ebc.com.br\/ebc.gif?id=1483475&amp;o=node\" \/><\/p>\n<p>O Tim\u00e3o, atual campe\u00e3o continental, \u00e9 o cabe\u00e7a de chave do Grupo A, que tamb\u00e9m conta com a presen\u00e7a de Olimpia (Paraguai), Always Ready (Bol\u00edvia) e Deportivo Cali (Col\u00f4mbia).<\/p>\n<p>Outro brasileiro na posi\u00e7\u00e3o de cabe\u00e7a de chave \u00e9 o Palmeiras, que faz parte do Grupo C ao lado de Universidad de Chile (Chile), Libertad-Limpe\u00f1o (Paraguai) e um representante do Equador, que sair\u00e1 do confronto entre Club \u00d1a\u00f1as e Independiente Dragonas.<\/p>\n<p>O terceiro representante do Brasil na competi\u00e7\u00e3o \u00e9 a Ferrovi\u00e1ria, que faz parte do Grupo B ao lado de Defensor Sporting (Uruguai), Boca Juniors (Argentina) e o campe\u00e3o do Equador, que ainda ser\u00e1 definido.<\/p>\n<h2>Forma de disputa<\/h2>\n<p>A Libertadores Feminina ser\u00e1 disputada por 16 clubes divididos em quatro grupos. As equipes jogar\u00e3o contra todos os advers\u00e1rios de suas respectivas chaves. Os primeiros e segundos colocados de cada grupo avan\u00e7am para as quartas de final, fase a partir da qual come\u00e7a o mata-mata at\u00e9 a grande decis\u00e3o.<\/p>\n<p>Fonte: Ag\u00eancia Brasil<\/p>\n","protected":false},"excerpt":{"rendered":"<p>A Conmebol (Confedera\u00e7\u00e3o Sul-Americana de Futebol) sorteou nesta ter\u00e7a-feira (20) os grupos da Libertadores Feminina, competi\u00e7\u00e3o que ser\u00e1 disputada entre os dias 13 e 28 de outubro na cidade de Quito (Equador). E o Brasil ser\u00e1 representado na competi\u00e7\u00e3o por Corinthians, Palmeiras e Ferrovi\u00e1ria. O Tim\u00e3o, atual campe\u00e3o continental, \u00e9 o cabe\u00e7a de chave do [&hellip;]<\/p>\n","protected":false},"author":246,"featured_media":204566,"comment_status":"closed","ping_status":"closed","sticky":false,"template":"","format":"standard","meta":{"footnotes":""},"categories":[436,257,439],"tags":[],"class_list":["post-204565","post","type-post","status-publish","format-standard","has-post-thumbnail","hentry","category-destaque-da-semana","category-esporte","category-ultima-hora"],"_links":{"self":[{"href":"https:\/\/diarioregionaldigital.com.br\/index.php?rest_route=\/wp\/v2\/posts\/204565","targetHints":{"allow":["GET"]}}],"collection":[{"href":"https:\/\/diarioregionaldigital.com.br\/index.php?rest_route=\/wp\/v2\/posts"}],"about":[{"href":"https:\/\/diarioregionaldigital.com.br\/index.php?rest_route=\/wp\/v2\/types\/post"}],"author":[{"embeddable":true,"href":"https:\/\/diarioregionaldigital.com.br\/index.php?rest_route=\/wp\/v2\/users\/246"}],"replies":[{"embeddable":true,"href":"https:\/\/diarioregionaldigital.com.br\/index.php?rest_route=%2Fwp%2Fv2%2Fcomments&post=204565"}],"version-history":[{"count":1,"href":"https:\/\/diarioregionaldigital.com.br\/index.php?rest_route=\/wp\/v2\/posts\/204565\/revisions"}],"predecessor-version":[{"id":204567,"href":"https:\/\/diarioregionaldigital.com.br\/index.php?rest_route=\/wp\/v2\/posts\/204565\/revisions\/204567"}],"wp:featuredmedia":[{"embeddable":true,"href":"https:\/\/diarioregionaldigital.com.br\/index.php?rest_route=\/wp\/v2\/media\/204566"}],"wp:attachment":[{"href":"https:\/\/diarioregionaldigital.com.br\/index.php?rest_route=%2Fwp%2Fv2%2Fmedia&parent=204565"}],"wp:term":[{"taxonomy":"category","embeddable":true,"href":"https:\/\/diarioregionaldigital.com.br\/index.php?rest_route=%2Fwp%2Fv2%2Fcategories&post=204565"},{"taxonomy":"post_tag","embeddable":true,"href":"https:\/\/diarioregionaldigital.com.br\/index.php?rest_route=%2Fwp%2Fv2%2Ftags&post=204565"}],"curies":[{"name":"wp","href":"https:\/\/api.w.org\/{rel}","templated":true}]}}