{"id":204559,"date":"2022-09-21T21:23:19","date_gmt":"2022-09-22T00:23:19","guid":{"rendered":"https:\/\/diarioregionaldigital.com.br\/?p=204559"},"modified":"2022-09-21T21:23:19","modified_gmt":"2022-09-22T00:23:19","slug":"tite-confirma-brasil-com-dna-ofensivo-diante-de-gana","status":"publish","type":"post","link":"https:\/\/diarioregionaldigital.com.br\/?p=204559","title":{"rendered":"Tite confirma Brasil com DNA ofensivo diante de Gana"},"content":{"rendered":"<p>O t\u00e9cnico Tite confirmou que o Brasil enfrentar\u00e1 Gana, na pr\u00f3xima sexta-feira (23) no est\u00e1dio Oc\u00e9ane, em Le Havre, com uma forma\u00e7\u00e3o muito ofensiva, que contar\u00e1 com um quinteto ofensivo composto por Paquet\u00e1, Neymar, Raphinha, Richarlison e Vin\u00edcius J\u00fanior. O amistoso ser\u00e1 o pen\u00faltimo antes do in\u00edcio da Copa do Catar (que ter\u00e1 o jogo inaugural no dia 20 de novembro).<img decoding=\"async\" src=\"https:\/\/agenciabrasil.ebc.com.br\/ebc.png?id=1483621&amp;o=node\" \/><img decoding=\"async\" src=\"https:\/\/agenciabrasil.ebc.com.br\/ebc.gif?id=1483621&amp;o=node\" \/><\/p>\n<p>Em entrevista coletiva concedida nesta quarta-feira (21), o comandante do time do Brasil afirmou que esta forma\u00e7\u00e3o \u00e9 fruto do talento destes jogadores, que representam uma nova gera\u00e7\u00e3o do futebol brasileiro: \u201c[A caracter\u00edstica] n\u00e3o \u00e9 minha, mas \u00e9 da caracter\u00edstica e do talento deles. \u00c9 da caracter\u00edstica e do talento dos atletas, de uma nova gera\u00e7\u00e3o, que foram reconhecidos por t\u00e9cnicos da base. [T\u00e9cnicos] que fizeram esses garotos amadurecerem e vestirem a camisa da sele\u00e7\u00e3o com tanta expectativa, responsabilidade e alegria\u201d.<\/p>\n<p>Al\u00e9m do jovem quinteto ofensivo, a sele\u00e7\u00e3o brasileira contar\u00e1 com cinco defensores muito experientes, com destaque para a presen\u00e7a do zagueiro \u00c9der Milit\u00e3o na lateral-direita. Com isso, o Brasil entrar\u00e1 em campo com a seguinte escala\u00e7\u00e3o: Alisson; Milit\u00e3o, Thiago Silva, Marquinhos e Alex Telles; Casemiro, Lucas Paquet\u00e1 e Neymar; Raphinha, Richarlison e Vin\u00edcius J\u00fanior.<\/p>\n<p>Por\u00e9m, mesmo com uma equipe t\u00e3o ofensiva, o treinador n\u00e3o acredita que o Brasil ficar\u00e1 exposto na defesa, pois ele prioriza uma caracter\u00edstica na arma\u00e7\u00e3o da sua equipe, o equil\u00edbrio: \u201cEquil\u00edbrio, equil\u00edbrio e equil\u00edbrio. Toda vez que fugimos desse patamar corremos riscos. O Paquet\u00e1 \u00e9 um segundo meio-campista que traz um senso de criatividade, mas ao mesmo tempo colocamos em campo um lateral-direito que d\u00e1 equil\u00edbrio defensivo [\u00c9der Milit\u00e3o]. Os nossos objetivos s\u00e3o criar e marcar gols, mas mantendo a consist\u00eancia. Com equil\u00edbrio uma equipe est\u00e1 mais pr\u00f3xima da vit\u00f3ria\u201d.<\/p>\n<p>Ap\u00f3s o jogo de sexta contra Gana, o Brasil volta a entrar em campo quatro dias depois, quando mede for\u00e7as com a Tun\u00edsia, no Parque dos Pr\u00edncipes, em Paris.<\/p>\n<p><span style=\"font-weight: 400;\"><br \/>\n<\/span><span style=\"font-weight: 400;\">Fonte: Ag\u00eancia Brasil\u00a0<\/span><span style=\"font-weight: 400;\"><br \/>\n<\/span><\/p>\n","protected":false},"excerpt":{"rendered":"<p>O t\u00e9cnico Tite confirmou que o Brasil enfrentar\u00e1 Gana, na pr\u00f3xima sexta-feira (23) no est\u00e1dio Oc\u00e9ane, em Le Havre, com uma forma\u00e7\u00e3o muito ofensiva, que contar\u00e1 com um quinteto ofensivo composto por Paquet\u00e1, Neymar, Raphinha, Richarlison e Vin\u00edcius J\u00fanior. O amistoso ser\u00e1 o pen\u00faltimo antes do in\u00edcio da Copa do Catar (que ter\u00e1 o jogo [&hellip;]<\/p>\n","protected":false},"author":246,"featured_media":204560,"comment_status":"closed","ping_status":"closed","sticky":false,"template":"","format":"standard","meta":{"footnotes":""},"categories":[436,257,439],"tags":[],"class_list":["post-204559","post","type-post","status-publish","format-standard","has-post-thumbnail","hentry","category-destaque-da-semana","category-esporte","category-ultima-hora"],"_links":{"self":[{"href":"https:\/\/diarioregionaldigital.com.br\/index.php?rest_route=\/wp\/v2\/posts\/204559","targetHints":{"allow":["GET"]}}],"collection":[{"href":"https:\/\/diarioregionaldigital.com.br\/index.php?rest_route=\/wp\/v2\/posts"}],"about":[{"href":"https:\/\/diarioregionaldigital.com.br\/index.php?rest_route=\/wp\/v2\/types\/post"}],"author":[{"embeddable":true,"href":"https:\/\/diarioregionaldigital.com.br\/index.php?rest_route=\/wp\/v2\/users\/246"}],"replies":[{"embeddable":true,"href":"https:\/\/diarioregionaldigital.com.br\/index.php?rest_route=%2Fwp%2Fv2%2Fcomments&post=204559"}],"version-history":[{"count":1,"href":"https:\/\/diarioregionaldigital.com.br\/index.php?rest_route=\/wp\/v2\/posts\/204559\/revisions"}],"predecessor-version":[{"id":204561,"href":"https:\/\/diarioregionaldigital.com.br\/index.php?rest_route=\/wp\/v2\/posts\/204559\/revisions\/204561"}],"wp:featuredmedia":[{"embeddable":true,"href":"https:\/\/diarioregionaldigital.com.br\/index.php?rest_route=\/wp\/v2\/media\/204560"}],"wp:attachment":[{"href":"https:\/\/diarioregionaldigital.com.br\/index.php?rest_route=%2Fwp%2Fv2%2Fmedia&parent=204559"}],"wp:term":[{"taxonomy":"category","embeddable":true,"href":"https:\/\/diarioregionaldigital.com.br\/index.php?rest_route=%2Fwp%2Fv2%2Fcategories&post=204559"},{"taxonomy":"post_tag","embeddable":true,"href":"https:\/\/diarioregionaldigital.com.br\/index.php?rest_route=%2Fwp%2Fv2%2Ftags&post=204559"}],"curies":[{"name":"wp","href":"https:\/\/api.w.org\/{rel}","templated":true}]}}