{"id":204556,"date":"2022-09-21T21:17:06","date_gmt":"2022-09-22T00:17:06","guid":{"rendered":"https:\/\/diarioregionaldigital.com.br\/?p=204556"},"modified":"2022-09-21T21:17:06","modified_gmt":"2022-09-22T00:17:06","slug":"simone-jatoba-convoca-selecao-sub-17-para-copa-do-mundo","status":"publish","type":"post","link":"https:\/\/diarioregionaldigital.com.br\/?p=204556","title":{"rendered":"Simone Jatob\u00e1 convoca sele\u00e7\u00e3o sub-17 para Copa do Mundo"},"content":{"rendered":"<p>A t\u00e9cnica Simone Jatob\u00e1 convocou a sele\u00e7\u00e3o brasileira para a Copa do Mundo Feminina Sub-17 que ser\u00e1 disputada nas cidades indianas de Bubanesvar, Goa e Nova Bombaim entre os dias 11 e 30 de outubro.<img decoding=\"async\" src=\"https:\/\/agenciabrasil.ebc.com.br\/ebc.png?id=1483635&amp;o=node\" \/><img decoding=\"async\" src=\"https:\/\/agenciabrasil.ebc.com.br\/ebc.gif?id=1483635&amp;o=node\" \/><\/p>\n<p>Entre as 21 jogadoras convocadas nesta quarta-feira (21) est\u00e3o cinco novidades em rela\u00e7\u00e3o \u00e0 equipe que conquistou o Sul-Americano da categoria, no m\u00eas de mar\u00e7o: a goleira Mariana, do Fluminense, as defensoras Alice, do Internacional, e Ana Beatriz, do S\u00e3o Paulo, e as meias Myka, do Internacional, e Juju Harris, do Fl\u00f3rida United (EUA).<\/p>\n<p>A estreia do Brasil ser\u00e1 no dia 11 de outubro, contra o Marrocos. Tr\u00eas dias depois a sele\u00e7\u00e3o mede for\u00e7as com os Estados Unidos. E, fechando a primeira fase, a equipe canarinho pega a \u00cdndia no dia 17.<\/p>\n<h2>Rela\u00e7\u00e3o de convocadas:<\/h2>\n<p><strong>Goleiras:<\/strong>\u00a0Leilane \u2013 Ferrovi\u00e1ria, Elu \u2013 S\u00e3o Paulo e Mariana \u2013 Fluminense.<br \/>\n<strong>Defensoras:<\/strong>\u00a0Luana Gusm\u00e3o \u2013 Ferrovi\u00e1ria, Alice \u2013 Internacional, Guta \u2013 Internacional, Grazy \u2013 Ferrovi\u00e1ria, Kedima \u2013 S\u00e3o Paulo e Ana Beatriz \u2013 S\u00e3o Paulo.<br \/>\n<strong>Meias:<\/strong>\u00a0Gabi Berchon \u2013 Internacional, Rebeca \u2013 Fortaleza, Myka \u2013 Internacional, Carol \u2013 S\u00e3o Paulo, Lara \u2013 Corinthians, Ana Julia \u2013 S\u00e3o Paulo e Juju Harris \u2013\u00a0 Fl\u00f3rida United SC (EUA).<br \/>\n<strong>Atacantes:<\/strong>\u00a0Dudinha \u2013 S\u00e3o Paulo, Ana Fl\u00e1via \u2013 S\u00e3o Paulo, Aline \u2013 Ferrovi\u00e1ria, Ingrid &#8220;Jhonson&#8221; \u2013 Toledo e Rhaissa \u2013 Ferrovi\u00e1ria.<\/p>\n<p><span style=\"font-weight: 400;\"><br \/>\n<\/span><span style=\"font-weight: 400;\">Fonte: Ag\u00eancia Brasil <\/span><\/p>\n","protected":false},"excerpt":{"rendered":"<p>A t\u00e9cnica Simone Jatob\u00e1 convocou a sele\u00e7\u00e3o brasileira para a Copa do Mundo Feminina Sub-17 que ser\u00e1 disputada nas cidades indianas de Bubanesvar, Goa e Nova Bombaim entre os dias 11 e 30 de outubro. Entre as 21 jogadoras convocadas nesta quarta-feira (21) est\u00e3o cinco novidades em rela\u00e7\u00e3o \u00e0 equipe que conquistou o Sul-Americano da [&hellip;]<\/p>\n","protected":false},"author":246,"featured_media":204557,"comment_status":"closed","ping_status":"closed","sticky":false,"template":"","format":"standard","meta":{"footnotes":""},"categories":[436,440,257,439],"tags":[],"class_list":["post-204556","post","type-post","status-publish","format-standard","has-post-thumbnail","hentry","category-destaque-da-semana","category-destaques-do-dia","category-esporte","category-ultima-hora"],"_links":{"self":[{"href":"https:\/\/diarioregionaldigital.com.br\/index.php?rest_route=\/wp\/v2\/posts\/204556","targetHints":{"allow":["GET"]}}],"collection":[{"href":"https:\/\/diarioregionaldigital.com.br\/index.php?rest_route=\/wp\/v2\/posts"}],"about":[{"href":"https:\/\/diarioregionaldigital.com.br\/index.php?rest_route=\/wp\/v2\/types\/post"}],"author":[{"embeddable":true,"href":"https:\/\/diarioregionaldigital.com.br\/index.php?rest_route=\/wp\/v2\/users\/246"}],"replies":[{"embeddable":true,"href":"https:\/\/diarioregionaldigital.com.br\/index.php?rest_route=%2Fwp%2Fv2%2Fcomments&post=204556"}],"version-history":[{"count":1,"href":"https:\/\/diarioregionaldigital.com.br\/index.php?rest_route=\/wp\/v2\/posts\/204556\/revisions"}],"predecessor-version":[{"id":204558,"href":"https:\/\/diarioregionaldigital.com.br\/index.php?rest_route=\/wp\/v2\/posts\/204556\/revisions\/204558"}],"wp:featuredmedia":[{"embeddable":true,"href":"https:\/\/diarioregionaldigital.com.br\/index.php?rest_route=\/wp\/v2\/media\/204557"}],"wp:attachment":[{"href":"https:\/\/diarioregionaldigital.com.br\/index.php?rest_route=%2Fwp%2Fv2%2Fmedia&parent=204556"}],"wp:term":[{"taxonomy":"category","embeddable":true,"href":"https:\/\/diarioregionaldigital.com.br\/index.php?rest_route=%2Fwp%2Fv2%2Fcategories&post=204556"},{"taxonomy":"post_tag","embeddable":true,"href":"https:\/\/diarioregionaldigital.com.br\/index.php?rest_route=%2Fwp%2Fv2%2Ftags&post=204556"}],"curies":[{"name":"wp","href":"https:\/\/api.w.org\/{rel}","templated":true}]}}