{"id":204549,"date":"2022-09-21T20:30:22","date_gmt":"2022-09-21T23:30:22","guid":{"rendered":"https:\/\/diarioregionaldigital.com.br\/?p=204549"},"modified":"2022-09-21T20:30:22","modified_gmt":"2022-09-21T23:30:22","slug":"simone-tebet-reafirma-educacao-como-principal-bandeira-de-sua-campanha","status":"publish","type":"post","link":"https:\/\/diarioregionaldigital.com.br\/?p=204549","title":{"rendered":"Simone Tebet reafirma educa\u00e7\u00e3o como principal bandeira de sua campanha"},"content":{"rendered":"<p>A candidata do MDB \u00e0 Presid\u00eancia da Rep\u00fablica, Simone Tebet, voltou a defender nesta quarta-feira (21), em S\u00e3o Paulo, investimentos em educa\u00e7\u00e3o t\u00e9cnica como sa\u00edda para a gera\u00e7\u00e3o de emprego e renda para a popula\u00e7\u00e3o. \u201cN\u00f3s estamos visitando o Brasil e vendo que tem regi\u00f5es que est\u00e1 faltando trabalhador, tem vaga. N\u00e3o tem trabalhador qualificado\u201d, avaliou ap\u00f3s visita ao Centro Estadual de Educa\u00e7\u00e3o Tecnol\u00f3gica Paula Souza.<img decoding=\"async\" src=\"https:\/\/agenciabrasil.ebc.com.br\/ebc.png?id=1483581&amp;o=node\" \/><img decoding=\"async\" src=\"https:\/\/agenciabrasil.ebc.com.br\/ebc.gif?id=1483581&amp;o=node\" \/><\/p>\n<p>A emedebista defendeu o ensino p\u00fablico de qualidade, ensino m\u00e9dio com curso t\u00e9cnico profissionalizante e faculdades de tecnologia \u201ccom qualidade pra que esse trabalhador possa ser inserido imediatamente no mercado de trabalho\u201d, al\u00e9m da expans\u00e3o do ensino em tempo integral.<\/p>\n<p>Ainda sobre educa\u00e7\u00e3o, Simone Tebet reafirmou seu compromisso de tirar do papel a nova Reforma do Ensino M\u00e9dio que paga para os estados at\u00e9 R$ 3,3 mil, por aluno, de escola que garanta per\u00edodo integral para esse jovem. Outro tema abordado foi a evas\u00e3o escolar que a candidata disse que atacar\u00e1 em duas frentes, caso seja eleita. Uma frente \u00e9 a dos leil\u00f5es 5G que j\u00e1 est\u00e3o resolvendo o problema da conectividade. \u201cSem internet o aluno n\u00e3o fica dentro da escola\u201d, disse. A outra \u00e9 premiar com R$ 5 mil os jovens que conclu\u00edrem o ensino m\u00e9dio t\u00e9cnico.<\/p>\n<p>Na reta final da campanha, a emedebista criticou o chamado voto \u00fatil e disse que est\u00e1 pronta pra servir o pa\u00eds: \u201cminha verdadeira obsess\u00e3o, \u00e9 \u00f3bvio que \u00e9 o emprego, \u00e9 comida barata, alimentar as pessoas que tem fome e emprego, mas a minha verdadeira obsess\u00e3o \u00e9 que todo aluno, todo filho do pobre tenha a mesma qualidade de ensino do filho do rico. Se hoje eu cheguei onde cheguei, sei que eu devo muito, em grande parte, ao fato de ter tido a oportunidade de estar no banco de uma universidade, depois poder fazer um mestrado, depois ter sido professora, ter dado aula doze anos. Eu sei o poder transformador que a educa\u00e7\u00e3o tem em um pa\u00eds, na riqueza de um pa\u00eds, mas principalmente pra qualidade de vida das pessoas\u201d.<\/p>\n<p><span style=\"font-weight: 400;\">Fonte: Ag\u00eancia Brasil <\/span><\/p>\n","protected":false},"excerpt":{"rendered":"<p>A candidata do MDB \u00e0 Presid\u00eancia da Rep\u00fablica, Simone Tebet, voltou a defender nesta quarta-feira (21), em S\u00e3o Paulo, investimentos em educa\u00e7\u00e3o t\u00e9cnica como sa\u00edda para a gera\u00e7\u00e3o de emprego e renda para a popula\u00e7\u00e3o. \u201cN\u00f3s estamos visitando o Brasil e vendo que tem regi\u00f5es que est\u00e1 faltando trabalhador, tem vaga. N\u00e3o tem trabalhador qualificado\u201d, [&hellip;]<\/p>\n","protected":false},"author":246,"featured_media":204550,"comment_status":"closed","ping_status":"closed","sticky":false,"template":"","format":"standard","meta":{"footnotes":""},"categories":[436,254,439],"tags":[],"class_list":["post-204549","post","type-post","status-publish","format-standard","has-post-thumbnail","hentry","category-destaque-da-semana","category-politica","category-ultima-hora"],"_links":{"self":[{"href":"https:\/\/diarioregionaldigital.com.br\/index.php?rest_route=\/wp\/v2\/posts\/204549","targetHints":{"allow":["GET"]}}],"collection":[{"href":"https:\/\/diarioregionaldigital.com.br\/index.php?rest_route=\/wp\/v2\/posts"}],"about":[{"href":"https:\/\/diarioregionaldigital.com.br\/index.php?rest_route=\/wp\/v2\/types\/post"}],"author":[{"embeddable":true,"href":"https:\/\/diarioregionaldigital.com.br\/index.php?rest_route=\/wp\/v2\/users\/246"}],"replies":[{"embeddable":true,"href":"https:\/\/diarioregionaldigital.com.br\/index.php?rest_route=%2Fwp%2Fv2%2Fcomments&post=204549"}],"version-history":[{"count":2,"href":"https:\/\/diarioregionaldigital.com.br\/index.php?rest_route=\/wp\/v2\/posts\/204549\/revisions"}],"predecessor-version":[{"id":204552,"href":"https:\/\/diarioregionaldigital.com.br\/index.php?rest_route=\/wp\/v2\/posts\/204549\/revisions\/204552"}],"wp:featuredmedia":[{"embeddable":true,"href":"https:\/\/diarioregionaldigital.com.br\/index.php?rest_route=\/wp\/v2\/media\/204550"}],"wp:attachment":[{"href":"https:\/\/diarioregionaldigital.com.br\/index.php?rest_route=%2Fwp%2Fv2%2Fmedia&parent=204549"}],"wp:term":[{"taxonomy":"category","embeddable":true,"href":"https:\/\/diarioregionaldigital.com.br\/index.php?rest_route=%2Fwp%2Fv2%2Fcategories&post=204549"},{"taxonomy":"post_tag","embeddable":true,"href":"https:\/\/diarioregionaldigital.com.br\/index.php?rest_route=%2Fwp%2Fv2%2Ftags&post=204549"}],"curies":[{"name":"wp","href":"https:\/\/api.w.org\/{rel}","templated":true}]}}