{"id":204546,"date":"2022-09-21T20:21:44","date_gmt":"2022-09-21T23:21:44","guid":{"rendered":"https:\/\/diarioregionaldigital.com.br\/?p=204546"},"modified":"2022-09-21T20:21:44","modified_gmt":"2022-09-21T23:21:44","slug":"lula-diz-que-vai-fazer-conferencias-para-pessoas-com-deficiencia","status":"publish","type":"post","link":"https:\/\/diarioregionaldigital.com.br\/?p=204546","title":{"rendered":"Lula diz que vai fazer confer\u00eancias para pessoas com defici\u00eancia"},"content":{"rendered":"<p>O candidato do PT \u00e0 Presid\u00eancia, Luiz In\u00e1cio Lula da Silva, disse hoje (21) que, caso ganhe as elei\u00e7\u00f5es, no ano que vem vai convocar confer\u00eancias para discutir pol\u00edticas com as pessoas com defici\u00eancia. \u201cJ\u00e1 no ano que vem haver\u00e1 uma confer\u00eancia municipal, estadual e nacional, para a gente fazer a revis\u00e3o nas coisas que n\u00f3s conquistamos. Aproveitar, e aprimorar aquilo que est\u00e1 fragilizado e tentar propor coisas novas, para que as pessoas com defici\u00eancia sejam tratadas com plenitude de respeito e democr\u00e1tica\u201d, disse ao participar de um encontro com pessoas com defici\u00eancia e organiza\u00e7\u00f5es que defender os direitos dessa popula\u00e7\u00e3o.<img decoding=\"async\" src=\"https:\/\/agenciabrasil.ebc.com.br\/ebc.png?id=1483617&amp;o=node\" \/><img decoding=\"async\" src=\"https:\/\/agenciabrasil.ebc.com.br\/ebc.gif?id=1483617&amp;o=node\" \/><\/p>\n<p>Segundo o candidato, as confer\u00eancias s\u00e3o uma forma de retomar a constru\u00e7\u00e3o de pol\u00edticas que estavam em desenvolvimento nos seus dois mandatos \u00e0 frente da Presid\u00eancia. \u201cQuando eu estava na Presid\u00eancia n\u00f3s fizemos 74 confer\u00eancias nacionais. Eu participei da grande maioria delas. E n\u00f3s vamos ter que voltar a fazer outra vez as confer\u00eancias nacionais para que voc\u00eas coloquem quais s\u00e3o os novos problemas que surgiram\u201d, disse.<\/p>\n<p>Os representantes de deficientes visuais, deficientes auditivos, autistas, al\u00e9m de militantes e ativistas da causa, pediram mais aten\u00e7\u00e3o do Estado, mais representatividade, inclus\u00e3o e visibilidade para as quest\u00f5es atinentes a esse p\u00fablico. Lula exaltou o trabalho das entidades que defendem as pessoas com defici\u00eancia. Em sua fala, encorajou a participa\u00e7\u00e3o delas em confer\u00eancias estaduais e municipais como respons\u00e1veis por criar condi\u00e7\u00f5es para o governo federal tomar medidas em benef\u00edcio dessas pessoas.<\/p>\n<p>Para Lula, sem cobran\u00e7a da sociedade civil \u00e9 muito dif\u00edcil colocar em pr\u00e1tica as medidas em favor dessas pessoas. \u201cPorque, se voc\u00eas n\u00e3o colocarem, n\u00e3o exigirem e n\u00e3o brigarem, as coisas podem n\u00e3o acontecer. \u00c9 todo um trabalho de convencer ministro, de convencer o presidente e depois todo o trabalho de convencer o Congresso e a sociedade\u201d, acrescentou.<\/p>\n<p>Entre os problemas que as pessoas com defici\u00eancia enfrentam, Lula destacou a demora para concess\u00e3o do Benef\u00edcio de Presta\u00e7\u00e3o Continuada (BPC), que garante um sal\u00e1rio m\u00ednimo para essa popula\u00e7\u00e3o e para idosos com mais de 65 anos. \u201cTem muita gente sem receber BPC. O sal\u00e1rio m\u00ednimo tem cinco anos que n\u00e3o aumenta. Tem gente na fila para receber um benef\u00edcio h\u00e1 quatro anos. Coisa que a gente fazia em 20 dias. Ou seja, era para gente ter avan\u00e7ado muito mais\u201d, ressaltou.<\/p>\n<p>Para enfrentar esse e outros problemas, o candidato enfatizou que \u00e9 preciso que as pessoas interessadas pressionem os governos. \u201cNa hora que o Estado coloca isso como pol\u00edtica p\u00fablica tudo fica mais f\u00e1cil. E voc\u00eas sabem que \u00e9 todo um processo de educa\u00e7\u00e3o para vencer todo um processo de resist\u00eancia\u201d.<\/p>\n<p><span style=\"font-weight: 400;\">Fonte: Ag\u00eancia Brasil <\/span><\/p>\n","protected":false},"excerpt":{"rendered":"<p>O candidato do PT \u00e0 Presid\u00eancia, Luiz In\u00e1cio Lula da Silva, disse hoje (21) que, caso ganhe as elei\u00e7\u00f5es, no ano que vem vai convocar confer\u00eancias para discutir pol\u00edticas com as pessoas com defici\u00eancia. \u201cJ\u00e1 no ano que vem haver\u00e1 uma confer\u00eancia municipal, estadual e nacional, para a gente fazer a revis\u00e3o nas coisas que [&hellip;]<\/p>\n","protected":false},"author":246,"featured_media":204547,"comment_status":"closed","ping_status":"closed","sticky":false,"template":"","format":"standard","meta":{"footnotes":""},"categories":[436,254,439],"tags":[],"class_list":["post-204546","post","type-post","status-publish","format-standard","has-post-thumbnail","hentry","category-destaque-da-semana","category-politica","category-ultima-hora"],"_links":{"self":[{"href":"https:\/\/diarioregionaldigital.com.br\/index.php?rest_route=\/wp\/v2\/posts\/204546","targetHints":{"allow":["GET"]}}],"collection":[{"href":"https:\/\/diarioregionaldigital.com.br\/index.php?rest_route=\/wp\/v2\/posts"}],"about":[{"href":"https:\/\/diarioregionaldigital.com.br\/index.php?rest_route=\/wp\/v2\/types\/post"}],"author":[{"embeddable":true,"href":"https:\/\/diarioregionaldigital.com.br\/index.php?rest_route=\/wp\/v2\/users\/246"}],"replies":[{"embeddable":true,"href":"https:\/\/diarioregionaldigital.com.br\/index.php?rest_route=%2Fwp%2Fv2%2Fcomments&post=204546"}],"version-history":[{"count":1,"href":"https:\/\/diarioregionaldigital.com.br\/index.php?rest_route=\/wp\/v2\/posts\/204546\/revisions"}],"predecessor-version":[{"id":204548,"href":"https:\/\/diarioregionaldigital.com.br\/index.php?rest_route=\/wp\/v2\/posts\/204546\/revisions\/204548"}],"wp:featuredmedia":[{"embeddable":true,"href":"https:\/\/diarioregionaldigital.com.br\/index.php?rest_route=\/wp\/v2\/media\/204547"}],"wp:attachment":[{"href":"https:\/\/diarioregionaldigital.com.br\/index.php?rest_route=%2Fwp%2Fv2%2Fmedia&parent=204546"}],"wp:term":[{"taxonomy":"category","embeddable":true,"href":"https:\/\/diarioregionaldigital.com.br\/index.php?rest_route=%2Fwp%2Fv2%2Fcategories&post=204546"},{"taxonomy":"post_tag","embeddable":true,"href":"https:\/\/diarioregionaldigital.com.br\/index.php?rest_route=%2Fwp%2Fv2%2Ftags&post=204546"}],"curies":[{"name":"wp","href":"https:\/\/api.w.org\/{rel}","templated":true}]}}