{"id":204543,"date":"2022-09-21T20:19:43","date_gmt":"2022-09-21T23:19:43","guid":{"rendered":"https:\/\/diarioregionaldigital.com.br\/?p=204543"},"modified":"2022-09-21T20:19:43","modified_gmt":"2022-09-21T23:19:43","slug":"bolsonaro-promete-recriar-ministerio-da-industria-se-for-reeleito","status":"publish","type":"post","link":"https:\/\/diarioregionaldigital.com.br\/?p=204543","title":{"rendered":"Bolsonaro promete recriar Minist\u00e9rio da Ind\u00fastria se for reeleito"},"content":{"rendered":"<p>O presidente Jair Bolsonaro disse que recriar\u00e1 o Minist\u00e9rio da Ind\u00fastria, Com\u00e9rcio e Servi\u00e7os, caso seja reeleito. Ele participou de sabatina durante a Conven\u00e7\u00e3o da Associa\u00e7\u00e3o Brasileira de Supermercados (Abras), por meio de videoconfer\u00eancia, nesta ter\u00e7a-feira (20).<img decoding=\"async\" src=\"https:\/\/agenciabrasil.ebc.com.br\/ebc.png?id=1483491&amp;o=node\" \/><img decoding=\"async\" src=\"https:\/\/agenciabrasil.ebc.com.br\/ebc.gif?id=1483491&amp;o=node\" \/><\/p>\n<p>\u201cH\u00e1 interesse nosso, sim, em recriar o Minist\u00e9rio da Ind\u00fastria, Com\u00e9rcio e Servi\u00e7os. E a pessoa que for ocupar esse minist\u00e9rio seria indicada por voc\u00eas. Eu creio que seriam muito melhor geridas essas quest\u00f5es, para eu tratar de forma mais direta e com mais celeridade as suas sugest\u00f5es. Os benef\u00edcios dessa boa administra\u00e7\u00e3o s\u00e3o realmente muito bem-vindos\u201d, disse Bolsonaro aos empres\u00e1rios do setor.<\/p>\n<p>Segundo o presidente, o assunto do desmembramento do Minist\u00e9rio da Economia j\u00e1 foi conversado com o ministro Paulo Guedes, que n\u00e3o se op\u00f4s \u00e0 ideia.<\/p>\n<p>\u201cEsse minist\u00e9rio, quando foi fundido, com mais outros quatro, passou ao comando do Paulo Guedes. Eu tenho conversado com ele e n\u00e3o temos dificuldade para recriar esse Minist\u00e9rio da Ind\u00fastria, Com\u00e9rcio e Servi\u00e7os. Acredito que assim melhor poderia ser conduzida essa pol\u00edtica, em que pese todo o m\u00e9rito do Paulo Guedes e o zelo que ele tem pelo setor\u201d, declarou Bolsonaro.<\/p>\n<p>O presidente falou por videoconfer\u00eancia diretamente de Nova York, onde estava para participar da abertura dos trabalhos da Assembleia Geral da Organiza\u00e7\u00e3o das Na\u00e7\u00f5es Unidas (ONU).<\/p>\n<p><span style=\"font-weight: 400;\">Fonte: Ag\u00eancia Brasil <\/span><\/p>\n","protected":false},"excerpt":{"rendered":"<p>O presidente Jair Bolsonaro disse que recriar\u00e1 o Minist\u00e9rio da Ind\u00fastria, Com\u00e9rcio e Servi\u00e7os, caso seja reeleito. Ele participou de sabatina durante a Conven\u00e7\u00e3o da Associa\u00e7\u00e3o Brasileira de Supermercados (Abras), por meio de videoconfer\u00eancia, nesta ter\u00e7a-feira (20). \u201cH\u00e1 interesse nosso, sim, em recriar o Minist\u00e9rio da Ind\u00fastria, Com\u00e9rcio e Servi\u00e7os. E a pessoa que for [&hellip;]<\/p>\n","protected":false},"author":246,"featured_media":204544,"comment_status":"closed","ping_status":"closed","sticky":false,"template":"","format":"standard","meta":{"footnotes":""},"categories":[436,440,254,439],"tags":[],"class_list":["post-204543","post","type-post","status-publish","format-standard","has-post-thumbnail","hentry","category-destaque-da-semana","category-destaques-do-dia","category-politica","category-ultima-hora"],"_links":{"self":[{"href":"https:\/\/diarioregionaldigital.com.br\/index.php?rest_route=\/wp\/v2\/posts\/204543","targetHints":{"allow":["GET"]}}],"collection":[{"href":"https:\/\/diarioregionaldigital.com.br\/index.php?rest_route=\/wp\/v2\/posts"}],"about":[{"href":"https:\/\/diarioregionaldigital.com.br\/index.php?rest_route=\/wp\/v2\/types\/post"}],"author":[{"embeddable":true,"href":"https:\/\/diarioregionaldigital.com.br\/index.php?rest_route=\/wp\/v2\/users\/246"}],"replies":[{"embeddable":true,"href":"https:\/\/diarioregionaldigital.com.br\/index.php?rest_route=%2Fwp%2Fv2%2Fcomments&post=204543"}],"version-history":[{"count":1,"href":"https:\/\/diarioregionaldigital.com.br\/index.php?rest_route=\/wp\/v2\/posts\/204543\/revisions"}],"predecessor-version":[{"id":204545,"href":"https:\/\/diarioregionaldigital.com.br\/index.php?rest_route=\/wp\/v2\/posts\/204543\/revisions\/204545"}],"wp:featuredmedia":[{"embeddable":true,"href":"https:\/\/diarioregionaldigital.com.br\/index.php?rest_route=\/wp\/v2\/media\/204544"}],"wp:attachment":[{"href":"https:\/\/diarioregionaldigital.com.br\/index.php?rest_route=%2Fwp%2Fv2%2Fmedia&parent=204543"}],"wp:term":[{"taxonomy":"category","embeddable":true,"href":"https:\/\/diarioregionaldigital.com.br\/index.php?rest_route=%2Fwp%2Fv2%2Fcategories&post=204543"},{"taxonomy":"post_tag","embeddable":true,"href":"https:\/\/diarioregionaldigital.com.br\/index.php?rest_route=%2Fwp%2Fv2%2Ftags&post=204543"}],"curies":[{"name":"wp","href":"https:\/\/api.w.org\/{rel}","templated":true}]}}