{"id":204540,"date":"2022-09-21T20:12:10","date_gmt":"2022-09-21T23:12:10","guid":{"rendered":"https:\/\/diarioregionaldigital.com.br\/?p=204540"},"modified":"2022-09-21T20:12:10","modified_gmt":"2022-09-21T23:12:10","slug":"dolar-sobe-para-r-517-com-juros-americanos-e-russia","status":"publish","type":"post","link":"https:\/\/diarioregionaldigital.com.br\/?p=204540","title":{"rendered":"D\u00f3lar sobe para R$ 5,17 com juros americanos e R\u00fassia"},"content":{"rendered":"<p>Num dia marcado por tens\u00f5es internacionais, o d\u00f3lar interrompeu a sequ\u00eancia de quedas e voltou a subir. A bolsa de valores caiu, acompanhando o mercado internacional.<img decoding=\"async\" src=\"https:\/\/agenciabrasil.ebc.com.br\/ebc.png?id=1483631&amp;o=node\" \/><img decoding=\"async\" src=\"https:\/\/agenciabrasil.ebc.com.br\/ebc.gif?id=1483631&amp;o=node\" \/><\/p>\n<p>O d\u00f3lar comercial encerrou esta quarta-feira (21) vendido a R$ 5,173, com alta de R$ 0,021 (+0,4%). A cota\u00e7\u00e3o teve um dia vol\u00e1til, alternando altas e quedas. Por volta das 15 h, logo ap\u00f3s o Federal Reserve (Fed, Banco Central norte-americano) anunciar a alta de 0,75 ponto percentual nos juros, a moeda chegou a R$ 5,19, mas desacelerou perto do fim das negocia\u00e7\u00f5es.<\/p>\n<p>Essa foi a primeira alta do d\u00f3lar ap\u00f3s duas quedas consecutivas. A divisa acumula queda de 0,56% em setembro e de 7,23% em 2022. Apesar da alta da moeda norte-americana hoje, o real teve melhor desempenho que outras moedas. O euro comercial caiu 0,91% e fechou a R$ 5,09, perdendo valor diante da moeda norte-americana.<\/p>\n<p>No mercado de a\u00e7\u00f5es, o dia tamb\u00e9m foi marcado pela volatilidade. O \u00edndice Ibovespa, da B3, fechou aos 111.936 pontos, com recuo de 0,52%. O indicador alternou altas e baixas ao longo da sess\u00e3o, mas passou a cair no meio da tarde influenciado pelas bolsas norte-americanas, que encerraram em forte baixa ap\u00f3s a decis\u00e3o do Fed.<\/p>\n<p>Apesar da queda, o Ibovespa teve desempenho melhor que as bolsas dos Estados Unidos. O \u00edndice Dow Jones, das empresas industriais, perdeu 1,7%. O Nasdaq, das empresas de tecnologia, recuou 1,79%. O S&amp;P 500, das 500 maiores empresas, caiu 1,71%.<\/p>\n<p>O aumento de 0,75 ponto percentual nas taxas b\u00e1sicas de juros norte-americanas era esperado pelo mercado, embora parte dos investidores apostasse em alta de at\u00e9 1 ponto. No entanto, o tom duro do comunicado do Fed apontou que os juros nos Estados Unidos podem subir por mais tempo que o esperado, o que elevou a cota\u00e7\u00e3o do d\u00f3lar e fez as bolsas ca\u00edrem em todo o planeta.<\/p>\n<p>No mercado brasileiro, a press\u00e3o foi aliviada porque, tamb\u00e9m hoje, o Comit\u00ea de Pol\u00edtica Monet\u00e1ria (Copom) decide a nova taxa Selic (juros b\u00e1sicos da economia). Como os juros est\u00e3o altos, em 13,75% ao ano, isso segura a press\u00e3o pela fuga de recursos em dire\u00e7\u00e3o aos t\u00edtulos do Tesouro norte-americano, considerados os investimentos mais seguros do mundo e que ficam atrativos com o aumento dos juros nos Estados Unidos.<\/p>\n<p><span style=\"font-weight: 400;\">Fonte: Ag\u00eancia Brasil <\/span><\/p>\n","protected":false},"excerpt":{"rendered":"<p>Num dia marcado por tens\u00f5es internacionais, o d\u00f3lar interrompeu a sequ\u00eancia de quedas e voltou a subir. A bolsa de valores caiu, acompanhando o mercado internacional. O d\u00f3lar comercial encerrou esta quarta-feira (21) vendido a R$ 5,173, com alta de R$ 0,021 (+0,4%). A cota\u00e7\u00e3o teve um dia vol\u00e1til, alternando altas e quedas. Por volta [&hellip;]<\/p>\n","protected":false},"author":246,"featured_media":204541,"comment_status":"closed","ping_status":"closed","sticky":false,"template":"","format":"standard","meta":{"footnotes":""},"categories":[436,261,439],"tags":[],"class_list":["post-204540","post","type-post","status-publish","format-standard","has-post-thumbnail","hentry","category-destaque-da-semana","category-economia","category-ultima-hora"],"_links":{"self":[{"href":"https:\/\/diarioregionaldigital.com.br\/index.php?rest_route=\/wp\/v2\/posts\/204540","targetHints":{"allow":["GET"]}}],"collection":[{"href":"https:\/\/diarioregionaldigital.com.br\/index.php?rest_route=\/wp\/v2\/posts"}],"about":[{"href":"https:\/\/diarioregionaldigital.com.br\/index.php?rest_route=\/wp\/v2\/types\/post"}],"author":[{"embeddable":true,"href":"https:\/\/diarioregionaldigital.com.br\/index.php?rest_route=\/wp\/v2\/users\/246"}],"replies":[{"embeddable":true,"href":"https:\/\/diarioregionaldigital.com.br\/index.php?rest_route=%2Fwp%2Fv2%2Fcomments&post=204540"}],"version-history":[{"count":1,"href":"https:\/\/diarioregionaldigital.com.br\/index.php?rest_route=\/wp\/v2\/posts\/204540\/revisions"}],"predecessor-version":[{"id":204542,"href":"https:\/\/diarioregionaldigital.com.br\/index.php?rest_route=\/wp\/v2\/posts\/204540\/revisions\/204542"}],"wp:featuredmedia":[{"embeddable":true,"href":"https:\/\/diarioregionaldigital.com.br\/index.php?rest_route=\/wp\/v2\/media\/204541"}],"wp:attachment":[{"href":"https:\/\/diarioregionaldigital.com.br\/index.php?rest_route=%2Fwp%2Fv2%2Fmedia&parent=204540"}],"wp:term":[{"taxonomy":"category","embeddable":true,"href":"https:\/\/diarioregionaldigital.com.br\/index.php?rest_route=%2Fwp%2Fv2%2Fcategories&post=204540"},{"taxonomy":"post_tag","embeddable":true,"href":"https:\/\/diarioregionaldigital.com.br\/index.php?rest_route=%2Fwp%2Fv2%2Ftags&post=204540"}],"curies":[{"name":"wp","href":"https:\/\/api.w.org\/{rel}","templated":true}]}}