{"id":204537,"date":"2022-09-21T20:10:54","date_gmt":"2022-09-21T23:10:54","guid":{"rendered":"https:\/\/diarioregionaldigital.com.br\/?p=204537"},"modified":"2022-09-21T20:10:54","modified_gmt":"2022-09-21T23:10:54","slug":"copom-mantem-juros-basicos-da-economia-em-1375-ao-ano","status":"publish","type":"post","link":"https:\/\/diarioregionaldigital.com.br\/?p=204537","title":{"rendered":"Copom mant\u00e9m juros b\u00e1sicos da economia em 13,75% ao ano"},"content":{"rendered":"<p>A queda da infla\u00e7\u00e3o fez o Banco Central (BC) interromper o ciclo de alta dos juros ap\u00f3s um ano e meio de reajustes seguidos. Por 7 votos a 2, o Comit\u00ea de Pol\u00edtica Monet\u00e1ria (Copom) manteve a taxa Selic, juros b\u00e1sicos da economia, em 13,75% ao ano. A decis\u00e3o era\u00a0<a href=\"https:\/\/agenciabrasil.ebc.com.br\/economia\/noticia\/2022-09\/mercado-financeiro-projeta-inflacao-de-6-em-2022\" target=\"_blank\" rel=\"noopener\">esperada pelos analistas financeiros<\/a>.<img decoding=\"async\" src=\"https:\/\/agenciabrasil.ebc.com.br\/ebc.png?id=1483632&amp;o=node\" \/><img decoding=\"async\" src=\"https:\/\/agenciabrasil.ebc.com.br\/ebc.gif?id=1483632&amp;o=node\" \/><\/p>\n<p>O presidente do Banco Central, Roberto Campos Neto, e os diretores Bruno Serra Fernandes, Carolina de Assis Barros, Diogo Abry Guillen, Maur\u00edcio Costa de Moura, Ot\u00e1vio Ribeiro Damaso e Paulo S\u00e9rgio Neves de Souza votaram pela manuten\u00e7\u00e3o da taxa. Os diretores Fernanda Magalh\u00e3es Rumenos Guardado e Renato Dias de Brito Gomes votaram pela eleva\u00e7\u00e3o em 0,25 ponto.<\/p>\n<p>Em comunicado, o Copom informou que continuar\u00e1 a monitorar a economia e poder\u00e1 voltar a subir a taxa Selic caso a infla\u00e7\u00e3o n\u00e3o caia como esperado. &#8220;O comit\u00ea refor\u00e7a que ir\u00e1 perseverar at\u00e9 que se consolide n\u00e3o apenas o processo de desinfla\u00e7\u00e3o como tamb\u00e9m a ancoragem das expectativas em torno de suas metas. O comit\u00ea enfatiza que os passos futuros da pol\u00edtica monet\u00e1ria poder\u00e3o ser ajustados e n\u00e3o hesitar\u00e1 em retomar o ciclo de ajuste caso o processo de desinfla\u00e7\u00e3o n\u00e3o transcorra como esperado&#8221;, destacou o texto.<\/p>\n<p>A taxa continua no maior n\u00edvel desde janeiro de 2017, quando tamb\u00e9m estava em 13,75% ao ano. Essa foi a primeira pausa nas eleva\u00e7\u00f5es ap\u00f3s 12 altas consecutivas, num ciclo que come\u00e7ou em meio \u00e0 alta dos pre\u00e7os de alimentos, de energia e de combust\u00edveis.<\/p>\n<p>De mar\u00e7o a junho do ano passado, o Copom tinha elevado a taxa em 0,75 ponto percentual em cada encontro. No in\u00edcio de agosto, o BC passou a aumentar a Selic em 1 ponto a cada reuni\u00e3o. Com a alta da infla\u00e7\u00e3o e o agravamento das tens\u00f5es no mercado financeiro, a Selic foi elevada em 1,5 ponto de outubro do ano passado at\u00e9 fevereiro deste ano. O Copom promoveu dois aumentos de 1 ponto, em mar\u00e7o e maio, e dois aumentos de 0,5 ponto, em junho e agosto.<\/p>\n<p>Antes do in\u00edcio do ciclo de alta, a Selic tinha sido reduzida para 2% ao ano, no n\u00edvel mais baixo da s\u00e9rie hist\u00f3rica iniciada em 1986. Por causa da contra\u00e7\u00e3o econ\u00f4mica gerada pela pandemia de covid-19, o Banco Central tinha derrubado a taxa para estimular a produ\u00e7\u00e3o e o consumo. A taxa ficou no menor patamar da hist\u00f3ria de agosto de 2020 a mar\u00e7o de 2021.<\/p>\n<h2>Infla\u00e7\u00e3o<\/h2>\n<p>A Selic \u00e9 o principal instrumento do Banco Central para manter sob controle a infla\u00e7\u00e3o oficial, medida pelo \u00cdndice Nacional de Pre\u00e7os ao Consumidor Amplo (IPCA). Em agosto, o\u00a0<a href=\"https:\/\/agenciabrasil.ebc.com.br\/economia\/noticia\/2022-09\/inflacao-oficial-cai-036-em-agostodiz-ibge\" target=\"_blank\" rel=\"noopener\">indicador fechou em 8,73% no acumulado de 12 meses, ap\u00f3s ter se\u00a0<\/a>. Esse foi o segundo m\u00eas seguido de infla\u00e7\u00e3o negativa, por causa da queda do pre\u00e7o da energia e da gasolina.<\/p>\n<p>Apesar da desacelera\u00e7\u00e3o recente, o valor est\u00e1 acima do teto da meta de infla\u00e7\u00e3o. Para 2022, o Conselho Monet\u00e1rio Nacional (CMN) fixou meta de infla\u00e7\u00e3o de 3,5%, com margem de toler\u00e2ncia de 1,5 ponto percentual. O IPCA, portanto, n\u00e3o podia superar 5% neste ano nem ficar abaixo de 2%.<\/p>\n<p>No\u00a0<em>Relat\u00f3rio de Infla\u00e7\u00e3o<\/em>\u00a0divulgado no fim de junho pelo Banco Central, a autoridade monet\u00e1ria estimava que o IPCA fecharia 2022\u00a0<a href=\"https:\/\/agenciabrasil.ebc.com.br\/economia\/noticia\/2022-06\/bc-admite-oficialmente-estouro-da-meta-de-inflacao-em-2022\" target=\"_blank\" rel=\"noopener\">em 8,8% no cen\u00e1rio base<\/a>. A proje\u00e7\u00e3o, no entanto, est\u00e1 desatualizada e dever\u00e1 ser revista para baixo por causa das desonera\u00e7\u00f5es sobre a gasolina e o g\u00e1s de cozinha. A nova vers\u00e3o do relat\u00f3rio ser\u00e1 divulgada no fim de setembro.<\/p>\n<p>As previs\u00f5es do mercado est\u00e3o mais otimistas. De acordo com o boletim\u00a0<em>Focus<\/em>, pesquisa semanal com institui\u00e7\u00f5es financeiras divulgada pelo BC, a infla\u00e7\u00e3o oficial dever\u00e1 fechar o\u00a0<a href=\"https:\/\/agenciabrasil.ebc.com.br\/economia\/noticia\/2022-09\/mercado-financeiro-projeta-inflacao-de-6-em-2022\" target=\"_blank\" rel=\"noopener\">ano em 6%<\/a>. No in\u00edcio de junho, as estimativas do mercado chegavam a 9%.<\/p>\n<h2>Cr\u00e9dito mais caro<\/h2>\n<p>A eleva\u00e7\u00e3o da taxa Selic ajuda a controlar a infla\u00e7\u00e3o. Isso porque juros maiores encarecem o cr\u00e9dito e desestimulam a produ\u00e7\u00e3o e o consumo. Por outro lado, taxas mais altas dificultam a recupera\u00e7\u00e3o da economia. No \u00faltimo\u00a0<em>Relat\u00f3rio de Infla\u00e7\u00e3o<\/em>, o Banco Central projetava\u00a0<a href=\"https:\/\/agenciabrasil.ebc.com.br\/economia\/noticia\/2022-06\/bc-admite-oficialmente-estouro-da-meta-de-inflacao-em-2022\" target=\"_blank\" rel=\"noopener\">crescimento de 1,7%<\/a>\u00a0para a economia em 2022.<\/p>\n<p>O mercado projeta crescimento um pouco maior. Segundo a \u00faltima edi\u00e7\u00e3o do boletim\u00a0<em>Focus<\/em>, os analistas econ\u00f4micos preveem\u00a0<a href=\"https:\/\/agenciabrasil.ebc.com.br\/economia\/noticia\/2022-09\/mercado-financeiro-projeta-inflacao-de-6-em-2022\" target=\"_blank\" rel=\"noopener\">expans\u00e3o de 2,65%<\/a>\u00a0do Produto Interno Bruto (PIB, soma dos bens e servi\u00e7os produzidos pelo pa\u00eds) neste ano.<\/p>\n<p>A taxa b\u00e1sica de juros \u00e9 usada nas negocia\u00e7\u00f5es de t\u00edtulos p\u00fablicos no Sistema Especial de Liquida\u00e7\u00e3o e Cust\u00f3dia (Selic) e serve de refer\u00eancia para as demais taxas de juros da economia. Ao reajust\u00e1-la para cima, o Banco Central segura o excesso de demanda que pressiona os pre\u00e7os, porque juros mais altos encarecem o cr\u00e9dito e estimulam a poupan\u00e7a.<\/p>\n<p>Ao reduzir os juros b\u00e1sicos, o Copom barateia o cr\u00e9dito e incentiva a produ\u00e7\u00e3o e o consumo, mas enfraquece o controle da infla\u00e7\u00e3o. Para cortar a Selic, a autoridade monet\u00e1ria precisa estar segura de que os pre\u00e7os est\u00e3o sob controle e n\u00e3o correm risco de subir.<\/p>\n<p><span style=\"font-weight: 400;\">Fonte: Ag\u00eancia Brasil <\/span><\/p>\n","protected":false},"excerpt":{"rendered":"<p>A queda da infla\u00e7\u00e3o fez o Banco Central (BC) interromper o ciclo de alta dos juros ap\u00f3s um ano e meio de reajustes seguidos. Por 7 votos a 2, o Comit\u00ea de Pol\u00edtica Monet\u00e1ria (Copom) manteve a taxa Selic, juros b\u00e1sicos da economia, em 13,75% ao ano. A decis\u00e3o era\u00a0esperada pelos analistas financeiros. O presidente [&hellip;]<\/p>\n","protected":false},"author":246,"featured_media":204538,"comment_status":"closed","ping_status":"closed","sticky":false,"template":"","format":"standard","meta":{"footnotes":""},"categories":[436,261,439],"tags":[],"class_list":["post-204537","post","type-post","status-publish","format-standard","has-post-thumbnail","hentry","category-destaque-da-semana","category-economia","category-ultima-hora"],"_links":{"self":[{"href":"https:\/\/diarioregionaldigital.com.br\/index.php?rest_route=\/wp\/v2\/posts\/204537","targetHints":{"allow":["GET"]}}],"collection":[{"href":"https:\/\/diarioregionaldigital.com.br\/index.php?rest_route=\/wp\/v2\/posts"}],"about":[{"href":"https:\/\/diarioregionaldigital.com.br\/index.php?rest_route=\/wp\/v2\/types\/post"}],"author":[{"embeddable":true,"href":"https:\/\/diarioregionaldigital.com.br\/index.php?rest_route=\/wp\/v2\/users\/246"}],"replies":[{"embeddable":true,"href":"https:\/\/diarioregionaldigital.com.br\/index.php?rest_route=%2Fwp%2Fv2%2Fcomments&post=204537"}],"version-history":[{"count":1,"href":"https:\/\/diarioregionaldigital.com.br\/index.php?rest_route=\/wp\/v2\/posts\/204537\/revisions"}],"predecessor-version":[{"id":204539,"href":"https:\/\/diarioregionaldigital.com.br\/index.php?rest_route=\/wp\/v2\/posts\/204537\/revisions\/204539"}],"wp:featuredmedia":[{"embeddable":true,"href":"https:\/\/diarioregionaldigital.com.br\/index.php?rest_route=\/wp\/v2\/media\/204538"}],"wp:attachment":[{"href":"https:\/\/diarioregionaldigital.com.br\/index.php?rest_route=%2Fwp%2Fv2%2Fmedia&parent=204537"}],"wp:term":[{"taxonomy":"category","embeddable":true,"href":"https:\/\/diarioregionaldigital.com.br\/index.php?rest_route=%2Fwp%2Fv2%2Fcategories&post=204537"},{"taxonomy":"post_tag","embeddable":true,"href":"https:\/\/diarioregionaldigital.com.br\/index.php?rest_route=%2Fwp%2Fv2%2Ftags&post=204537"}],"curies":[{"name":"wp","href":"https:\/\/api.w.org\/{rel}","templated":true}]}}