{"id":204521,"date":"2022-09-20T21:16:43","date_gmt":"2022-09-21T00:16:43","guid":{"rendered":"https:\/\/diarioregionaldigital.com.br\/?p=204521"},"modified":"2022-09-20T21:16:43","modified_gmt":"2022-09-21T00:16:43","slug":"pjf-realiza-operacao-tapa-buraco-no-acesso-norte-e-em-14-bairros-nesta-terca-feira-20","status":"publish","type":"post","link":"https:\/\/diarioregionaldigital.com.br\/?p=204521","title":{"rendered":"PJF realiza opera\u00e7\u00e3o tapa-buraco no Acesso Norte e em 14 bairros nesta ter\u00e7a-feira, 20"},"content":{"rendered":"<p>Segundo informa\u00e7\u00f5es do site da Prefeitura de Juiz de Fora (PJF), dando continuidade ao compromisso de melhorar a mobilidade e seguran\u00e7a de Juiz de Fora, as equipes da Prefeitura Municipal de Juiz de Fora (PJF) estiveram em 14 bairros nesta ter\u00e7a-feira, 20.<\/p>\n<p>&nbsp;<\/p>\n<p>Al\u00e9m dos bairros atendidos, as equipes tamb\u00e9m estiveram no Acesso Norte, importante via de entrada e sa\u00edda para ve\u00edculos grandes, e quem passa pelo trecho j\u00e1 consegue notar a diferen\u00e7a na mobilidade e conforto da via.<\/p>\n<p>&nbsp;<\/p>\n<p><strong>Veja abaixo a lista completa de locais atendidos nesta ter\u00e7a-feira, 20:<\/strong><\/p>\n<p>Graminha<\/p>\n<p>Progresso<\/p>\n<p>Grama<\/p>\n<p>Bairro Ara\u00fajo<\/p>\n<p>Santa Efig\u00eania<\/p>\n<p>Santa Luzia<\/p>\n<p>Solidariedade<\/p>\n<p>Vila Ideal<\/p>\n<p>Salvaterra<\/p>\n<p>S\u00e3o Mateus<\/p>\n<p>Aeroporto<\/p>\n<p>Maril\u00e2ndia<\/p>\n<p>Linhares<\/p>\n<p>Bom Jardim<\/p>\n<p>&nbsp;<\/p>\n<p>Os trabalhos seguem em andamento em v\u00e1rios pontos da cidade e a programa\u00e7\u00e3o completa das atividades realizadas pela Empresa Municipal de Pavimenta\u00e7\u00e3o e Urbanidades (Empav) pode ser acompanhada diariamente atrav\u00e9s da p\u00e1gina do Gabinete de A\u00e7\u00e3o e Di\u00e1logo Comunit\u00e1rio, pelo<a href=\"https:\/\/www.pjf.mg.gov.br\/gabinetecomunitario\/#onde\">\u00a0link<\/a>.<\/p>\n<p>&nbsp;<\/p>\n<p>Todas as a\u00e7\u00f5es de reestrutura\u00e7\u00e3o, urbaniza\u00e7\u00e3o e zeladoria realizadas pela Empav fazem parte do Programa Boniteza. Estes e outros servi\u00e7os podem ser solicitados atrav\u00e9s do Gabinete de A\u00e7\u00e3o e Di\u00e1logo Comunit\u00e1rio, que recebe e organiza pedidos relativos a interven\u00e7\u00f5es e melhorias urbanas. O contato pode ser feito por liga\u00e7\u00e3o telef\u00f4nica, pelo n\u00famero (32) 3690-7241 ou, ainda, via WhatsApp, utilizando o mesmo n\u00famero.<\/p>\n","protected":false},"excerpt":{"rendered":"<p>Segundo informa\u00e7\u00f5es do site da Prefeitura de Juiz de Fora (PJF), dando continuidade ao compromisso de melhorar a mobilidade e seguran\u00e7a de Juiz de Fora, as equipes da Prefeitura Municipal de Juiz de Fora (PJF) estiveram em 14 bairros nesta ter\u00e7a-feira, 20. &nbsp; Al\u00e9m dos bairros atendidos, as equipes tamb\u00e9m estiveram no Acesso Norte, importante [&hellip;]<\/p>\n","protected":false},"author":246,"featured_media":204522,"comment_status":"closed","ping_status":"closed","sticky":false,"template":"","format":"standard","meta":{"footnotes":""},"categories":[253,436,439],"tags":[],"class_list":["post-204521","post","type-post","status-publish","format-standard","has-post-thumbnail","hentry","category-cidade","category-destaque-da-semana","category-ultima-hora"],"_links":{"self":[{"href":"https:\/\/diarioregionaldigital.com.br\/index.php?rest_route=\/wp\/v2\/posts\/204521","targetHints":{"allow":["GET"]}}],"collection":[{"href":"https:\/\/diarioregionaldigital.com.br\/index.php?rest_route=\/wp\/v2\/posts"}],"about":[{"href":"https:\/\/diarioregionaldigital.com.br\/index.php?rest_route=\/wp\/v2\/types\/post"}],"author":[{"embeddable":true,"href":"https:\/\/diarioregionaldigital.com.br\/index.php?rest_route=\/wp\/v2\/users\/246"}],"replies":[{"embeddable":true,"href":"https:\/\/diarioregionaldigital.com.br\/index.php?rest_route=%2Fwp%2Fv2%2Fcomments&post=204521"}],"version-history":[{"count":1,"href":"https:\/\/diarioregionaldigital.com.br\/index.php?rest_route=\/wp\/v2\/posts\/204521\/revisions"}],"predecessor-version":[{"id":204523,"href":"https:\/\/diarioregionaldigital.com.br\/index.php?rest_route=\/wp\/v2\/posts\/204521\/revisions\/204523"}],"wp:featuredmedia":[{"embeddable":true,"href":"https:\/\/diarioregionaldigital.com.br\/index.php?rest_route=\/wp\/v2\/media\/204522"}],"wp:attachment":[{"href":"https:\/\/diarioregionaldigital.com.br\/index.php?rest_route=%2Fwp%2Fv2%2Fmedia&parent=204521"}],"wp:term":[{"taxonomy":"category","embeddable":true,"href":"https:\/\/diarioregionaldigital.com.br\/index.php?rest_route=%2Fwp%2Fv2%2Fcategories&post=204521"},{"taxonomy":"post_tag","embeddable":true,"href":"https:\/\/diarioregionaldigital.com.br\/index.php?rest_route=%2Fwp%2Fv2%2Ftags&post=204521"}],"curies":[{"name":"wp","href":"https:\/\/api.w.org\/{rel}","templated":true}]}}