{"id":204518,"date":"2022-09-20T21:14:15","date_gmt":"2022-09-21T00:14:15","guid":{"rendered":"https:\/\/diarioregionaldigital.com.br\/?p=204518"},"modified":"2022-09-20T21:14:15","modified_gmt":"2022-09-21T00:14:15","slug":"projeto-de-educacao-antirracista-promove-contacao-de-historias-ao-ar-livre-na-praca-ceu","status":"publish","type":"post","link":"https:\/\/diarioregionaldigital.com.br\/?p=204518","title":{"rendered":"Projeto de educa\u00e7\u00e3o antirracista promove conta\u00e7\u00e3o de hist\u00f3rias ao ar livre na Pra\u00e7a CEU"},"content":{"rendered":"<p>Segundo informa\u00e7\u00f5es do site da Prefeitura de Juiz de Fora (PJF), senta que l\u00e1 vem a hist\u00f3ria&#8230; No pr\u00f3ximo s\u00e1bado, 24, o grupo Nzinga apresenta mais uma edi\u00e7\u00e3o do projeto de conta\u00e7\u00e3o de hist\u00f3rias ao ar livre na Pra\u00e7a CEU (Centro de Artes e Esportes Unificados Coronel Adelmir Romualdo de Oliveira), localizada na Avenida JK, 5.866, em Benfica, Zona Norte. A atividade ter\u00e1 in\u00edcio \u00e0s 16h, sendo gratuita e livre para todos os interessados, incluindo crian\u00e7as, jovens, adultos e idosos. Para este fim de semana, foram selecionados contos de aventuras, nos quais os personagens fazem novas amizades, conhecem paisagens diferentes e descobrem modos alternativos de ser e conviver em harmonia.<\/p>\n<p>O Nzinga \u00e9 formado por dez mulheres negras, todas pesquisadoras da cultura de matriz africana e afro-brasileira. Neste projeto, desenvolvido em parceria com a Pra\u00e7a CEU, a ideia \u00e9 investir em uma educa\u00e7\u00e3o antirracista, divulgando a cultura e os saberes de ancestralidade negra. A proposta visa a promo\u00e7\u00e3o da igualdade racial e de g\u00eanero, al\u00e9m de incentivar o h\u00e1bito da leitura.<\/p>\n<p>A Pra\u00e7a CEU \u00e9 mantida pela Prefeitura de Juiz de Fora (PJF), com gest\u00e3o de responsabilidade da Funalfa, sendo os servi\u00e7os executados por meio de contrato de parceria com a Associa\u00e7\u00e3o Cultural Arte e Vida (Acav).<\/p>\n","protected":false},"excerpt":{"rendered":"<p>Segundo informa\u00e7\u00f5es do site da Prefeitura de Juiz de Fora (PJF), senta que l\u00e1 vem a hist\u00f3ria&#8230; No pr\u00f3ximo s\u00e1bado, 24, o grupo Nzinga apresenta mais uma edi\u00e7\u00e3o do projeto de conta\u00e7\u00e3o de hist\u00f3rias ao ar livre na Pra\u00e7a CEU (Centro de Artes e Esportes Unificados Coronel Adelmir Romualdo de Oliveira), localizada na Avenida JK, [&hellip;]<\/p>\n","protected":false},"author":246,"featured_media":204519,"comment_status":"closed","ping_status":"closed","sticky":false,"template":"","format":"standard","meta":{"footnotes":""},"categories":[253,436,439],"tags":[],"class_list":["post-204518","post","type-post","status-publish","format-standard","has-post-thumbnail","hentry","category-cidade","category-destaque-da-semana","category-ultima-hora"],"_links":{"self":[{"href":"https:\/\/diarioregionaldigital.com.br\/index.php?rest_route=\/wp\/v2\/posts\/204518","targetHints":{"allow":["GET"]}}],"collection":[{"href":"https:\/\/diarioregionaldigital.com.br\/index.php?rest_route=\/wp\/v2\/posts"}],"about":[{"href":"https:\/\/diarioregionaldigital.com.br\/index.php?rest_route=\/wp\/v2\/types\/post"}],"author":[{"embeddable":true,"href":"https:\/\/diarioregionaldigital.com.br\/index.php?rest_route=\/wp\/v2\/users\/246"}],"replies":[{"embeddable":true,"href":"https:\/\/diarioregionaldigital.com.br\/index.php?rest_route=%2Fwp%2Fv2%2Fcomments&post=204518"}],"version-history":[{"count":1,"href":"https:\/\/diarioregionaldigital.com.br\/index.php?rest_route=\/wp\/v2\/posts\/204518\/revisions"}],"predecessor-version":[{"id":204520,"href":"https:\/\/diarioregionaldigital.com.br\/index.php?rest_route=\/wp\/v2\/posts\/204518\/revisions\/204520"}],"wp:featuredmedia":[{"embeddable":true,"href":"https:\/\/diarioregionaldigital.com.br\/index.php?rest_route=\/wp\/v2\/media\/204519"}],"wp:attachment":[{"href":"https:\/\/diarioregionaldigital.com.br\/index.php?rest_route=%2Fwp%2Fv2%2Fmedia&parent=204518"}],"wp:term":[{"taxonomy":"category","embeddable":true,"href":"https:\/\/diarioregionaldigital.com.br\/index.php?rest_route=%2Fwp%2Fv2%2Fcategories&post=204518"},{"taxonomy":"post_tag","embeddable":true,"href":"https:\/\/diarioregionaldigital.com.br\/index.php?rest_route=%2Fwp%2Fv2%2Ftags&post=204518"}],"curies":[{"name":"wp","href":"https:\/\/api.w.org\/{rel}","templated":true}]}}