{"id":204471,"date":"2022-09-20T06:00:02","date_gmt":"2022-09-20T09:00:02","guid":{"rendered":"https:\/\/diarioregionaldigital.com.br\/?p=204471"},"modified":"2022-09-19T21:59:50","modified_gmt":"2022-09-20T00:59:50","slug":"prefeitura-municipal-de-descoberto-extrato-de-contrato-no064-20-09-2022","status":"publish","type":"post","link":"https:\/\/diarioregionaldigital.com.br\/?p=204471","title":{"rendered":"Prefeitura Municipal de Descoberto &#8211; Extrato de Contrato n\u00ba064 &#8211; 20\/09\/2022"},"content":{"rendered":"<p style=\"text-align: center;\"><strong>EXTRATO DE CONTRATO<\/strong><\/p>\n<p style=\"text-align: center;\">Pref. Municipal de Descoberto x Mercearia S\u00e3o Sebasti\u00e3o Ltda \u2013ME &#8211; Fundamento: Aquisi\u00e7\u00e3o de Cestas B\u00e1sicas \u2013 Preg\u00e3o \u00a0n\u00ba 025\/2022 \u2013 Valor Global: 56.245,00\u2013 Vig\u00eancia: 12 meses \u2013 Dot or\u00e7: &#8211; 02.02008.08.244.0012.235-339032\/100 \u00a0&#8211; Ass: 20\/09\/2022- Foro: S\u00e3o Jo\u00e3o Nepomuceno\/MG.<\/p>\n<p style=\"text-align: center;\"><strong>Marcos de Ara\u00fajo Lima<\/strong><\/p>\n<p style=\"text-align: center;\"><strong>Prefeito Municipal<\/strong><\/p>\n","protected":false},"excerpt":{"rendered":"<p>EXTRATO DE CONTRATO Pref. Municipal de Descoberto x Mercearia S\u00e3o Sebasti\u00e3o Ltda \u2013ME &#8211; Fundamento: Aquisi\u00e7\u00e3o de Cestas B\u00e1sicas \u2013 Preg\u00e3o \u00a0n\u00ba 025\/2022 \u2013 Valor Global: 56.245,00\u2013 Vig\u00eancia: 12 meses \u2013 Dot or\u00e7: &#8211; 02.02008.08.244.0012.235-339032\/100 \u00a0&#8211; Ass: 20\/09\/2022- Foro: S\u00e3o Jo\u00e3o Nepomuceno\/MG. Marcos de Ara\u00fajo Lima Prefeito Municipal<\/p>\n","protected":false},"author":96,"featured_media":0,"comment_status":"closed","ping_status":"closed","sticky":false,"template":"","format":"standard","meta":{"footnotes":""},"categories":[307],"tags":[],"class_list":["post-204471","post","type-post","status-publish","format-standard","hentry","category-editais"],"_links":{"self":[{"href":"https:\/\/diarioregionaldigital.com.br\/index.php?rest_route=\/wp\/v2\/posts\/204471","targetHints":{"allow":["GET"]}}],"collection":[{"href":"https:\/\/diarioregionaldigital.com.br\/index.php?rest_route=\/wp\/v2\/posts"}],"about":[{"href":"https:\/\/diarioregionaldigital.com.br\/index.php?rest_route=\/wp\/v2\/types\/post"}],"author":[{"embeddable":true,"href":"https:\/\/diarioregionaldigital.com.br\/index.php?rest_route=\/wp\/v2\/users\/96"}],"replies":[{"embeddable":true,"href":"https:\/\/diarioregionaldigital.com.br\/index.php?rest_route=%2Fwp%2Fv2%2Fcomments&post=204471"}],"version-history":[{"count":1,"href":"https:\/\/diarioregionaldigital.com.br\/index.php?rest_route=\/wp\/v2\/posts\/204471\/revisions"}],"predecessor-version":[{"id":204472,"href":"https:\/\/diarioregionaldigital.com.br\/index.php?rest_route=\/wp\/v2\/posts\/204471\/revisions\/204472"}],"wp:attachment":[{"href":"https:\/\/diarioregionaldigital.com.br\/index.php?rest_route=%2Fwp%2Fv2%2Fmedia&parent=204471"}],"wp:term":[{"taxonomy":"category","embeddable":true,"href":"https:\/\/diarioregionaldigital.com.br\/index.php?rest_route=%2Fwp%2Fv2%2Fcategories&post=204471"},{"taxonomy":"post_tag","embeddable":true,"href":"https:\/\/diarioregionaldigital.com.br\/index.php?rest_route=%2Fwp%2Fv2%2Ftags&post=204471"}],"curies":[{"name":"wp","href":"https:\/\/api.w.org\/{rel}","templated":true}]}}