{"id":204469,"date":"2022-09-20T06:00:26","date_gmt":"2022-09-20T09:00:26","guid":{"rendered":"https:\/\/diarioregionaldigital.com.br\/?p=204469"},"modified":"2022-09-19T22:00:16","modified_gmt":"2022-09-20T01:00:16","slug":"prefeitura-municipal-de-descoberto-extrato-de-contrato-20-09-2022","status":"publish","type":"post","link":"https:\/\/diarioregionaldigital.com.br\/?p=204469","title":{"rendered":"Prefeitura Municipal de Descoberto &#8211; Extrato de Contrato n\u00ba063 &#8211; 20\/09\/2022"},"content":{"rendered":"<p style=\"text-align: center;\"><strong>EXTRATO DE CONTRATO<\/strong><\/p>\n<p style=\"text-align: center;\">Pref. Municipal de Descoberto x Pol\u00f4nio Constru\u00e7\u00f5es Ltda &#8211; Fundamento: Constru\u00e7\u00e3o de uma ponte em estrutura mista de concreto armado e perfis em a\u00e7o laminado na Rua da Travessa, regi\u00e3o central de Descoberto \u2013 Tomada de Pre\u00e7o \u00a0\u00a0n\u00ba 003\/2022 \u2013 Valor Global: 204.270,08\u2013 Vig\u00eancia: 04 meses \u2013 Dot or\u00e7: &#8211; 02.02006.26.782.0009.121-449051\/100 \u00a0&#8211; Ass: 20\/09\/2022- Foro: S\u00e3o Jo\u00e3o Nepomuceno\/MG.<\/p>\n<p style=\"text-align: center;\"><strong>Marcos de Ara\u00fajo Lima<\/strong><\/p>\n<p style=\"text-align: center;\"><strong>Prefeito Municipal<\/strong><\/p>\n","protected":false},"excerpt":{"rendered":"<p>EXTRATO DE CONTRATO Pref. Municipal de Descoberto x Pol\u00f4nio Constru\u00e7\u00f5es Ltda &#8211; Fundamento: Constru\u00e7\u00e3o de uma ponte em estrutura mista de concreto armado e perfis em a\u00e7o laminado na Rua da Travessa, regi\u00e3o central de Descoberto \u2013 Tomada de Pre\u00e7o \u00a0\u00a0n\u00ba 003\/2022 \u2013 Valor Global: 204.270,08\u2013 Vig\u00eancia: 04 meses \u2013 Dot or\u00e7: &#8211; 02.02006.26.782.0009.121-449051\/100 \u00a0&#8211; [&hellip;]<\/p>\n","protected":false},"author":96,"featured_media":0,"comment_status":"closed","ping_status":"closed","sticky":false,"template":"","format":"standard","meta":{"footnotes":""},"categories":[307],"tags":[],"class_list":["post-204469","post","type-post","status-publish","format-standard","hentry","category-editais"],"_links":{"self":[{"href":"https:\/\/diarioregionaldigital.com.br\/index.php?rest_route=\/wp\/v2\/posts\/204469","targetHints":{"allow":["GET"]}}],"collection":[{"href":"https:\/\/diarioregionaldigital.com.br\/index.php?rest_route=\/wp\/v2\/posts"}],"about":[{"href":"https:\/\/diarioregionaldigital.com.br\/index.php?rest_route=\/wp\/v2\/types\/post"}],"author":[{"embeddable":true,"href":"https:\/\/diarioregionaldigital.com.br\/index.php?rest_route=\/wp\/v2\/users\/96"}],"replies":[{"embeddable":true,"href":"https:\/\/diarioregionaldigital.com.br\/index.php?rest_route=%2Fwp%2Fv2%2Fcomments&post=204469"}],"version-history":[{"count":2,"href":"https:\/\/diarioregionaldigital.com.br\/index.php?rest_route=\/wp\/v2\/posts\/204469\/revisions"}],"predecessor-version":[{"id":204473,"href":"https:\/\/diarioregionaldigital.com.br\/index.php?rest_route=\/wp\/v2\/posts\/204469\/revisions\/204473"}],"wp:attachment":[{"href":"https:\/\/diarioregionaldigital.com.br\/index.php?rest_route=%2Fwp%2Fv2%2Fmedia&parent=204469"}],"wp:term":[{"taxonomy":"category","embeddable":true,"href":"https:\/\/diarioregionaldigital.com.br\/index.php?rest_route=%2Fwp%2Fv2%2Fcategories&post=204469"},{"taxonomy":"post_tag","embeddable":true,"href":"https:\/\/diarioregionaldigital.com.br\/index.php?rest_route=%2Fwp%2Fv2%2Ftags&post=204469"}],"curies":[{"name":"wp","href":"https:\/\/api.w.org\/{rel}","templated":true}]}}