{"id":204462,"date":"2022-09-19T15:46:36","date_gmt":"2022-09-19T18:46:36","guid":{"rendered":"https:\/\/diarioregionaldigital.com.br\/?p=204462"},"modified":"2022-09-19T15:46:36","modified_gmt":"2022-09-19T18:46:36","slug":"programa-boniteza-realiza-148-intervencoes-nesta-segunda-19","status":"publish","type":"post","link":"https:\/\/diarioregionaldigital.com.br\/?p=204462","title":{"rendered":"Programa Boniteza realiza 148 interven\u00e7\u00f5es nesta segunda, 19"},"content":{"rendered":"<p>Segundo informa\u00e7\u00f5es do site da Prefeitura de Juiz de Fora (PJF), o\u00a0Programa Boniteza da Prefeitura de Juiz de Fora (PJF) opera em 148 interven\u00e7\u00f5es nesta segunda-feira, 19.<br \/>\n<strong>Obras<\/strong><br \/>\nOs Departamentos de Opera\u00e7\u00e3o e Manuten\u00e7\u00e3o em Obras (Domo) e de Estradas Vicinais da Secretaria de Obras t\u00eam previstas 20 a\u00e7\u00f5es.<br \/>\n<strong>Interven\u00e7\u00f5es em continuidade:<\/strong><\/p>\n<p>&#8211; Patrolamento com lan\u00e7amento de material &#8211; Estrada do caracol &#8211; Santa Cruz<\/p>\n<p>&#8211; Enroncamento de pedra argamassada &#8211; Rua Tompson Palhares &#8211; Santa Luzia<\/p>\n<p>&#8211; Reconstru\u00e7\u00e3o de rede pluvial &#8211; Rua Dr. Norberto Gerhein &#8211; Cer\u00e2mica<\/p>\n<p>&#8211; Constru\u00e7\u00e3o de rede pluvial &#8211; Rua Fernando Lamarca &#8211; Distrito Industrial<\/p>\n<p>&#8211; Constru\u00e7\u00e3o de muro de conten\u00e7\u00e3o &#8211; Rua Z\u00e9lia Maria Valentin &#8211; S\u00e3o Pedro<\/p>\n<p>&#8211; Assentamento de grades de concreto &#8211; Avenida Get\u00falio Vargas &#8211; Centro<\/p>\n<p>&#8211; Limpeza de bocas de lobo &#8211; Avenida JK<br \/>\n<strong>Novas interven\u00e7\u00f5es:<\/strong><\/p>\n<p>&#8211; Lan\u00e7amento de material &#8211; Rua Maria da Concei\u00e7\u00e3o Atalaia &#8211; Graminha<\/p>\n<p>&#8211; Mudan\u00e7a de rede pluvial &#8211; Rua Am\u00e9rico Lobo &#8211;<\/p>\n<p>&#8211; Reparo em bueiro &#8211; Rua \u00e1gua limpa &#8211; Santa Luzia<\/p>\n<p>&#8211; Retirada de entulho &#8211; Cemit\u00e9rio municipal &#8211; Po\u00e7o Rico<\/p>\n<p>&#8211; Assentamento de tampa &#8211; Rua Paulo Moreira Guedes &#8211; Monte castelo<\/p>\n<p>&#8211; Desobstru\u00e7\u00e3o de boca de lobo &#8211; Rua Hilda Belini &#8211; Granjas Bethel<\/p>\n<p>&#8211; Corre\u00e7\u00e3o de eros\u00e3o &#8211; Rua Jos\u00e9 Lib\u00e2nio Rodrigues &#8211; Bandeirantes<\/p>\n<p>&#8211; Assentamento de tampa &#8211; Rua Batista de Oliveira &#8211; Centro<\/p>\n<p>&#8211; Coloca\u00e7\u00e3o de material em pontos cr\u00edticos &#8211; Estrada dos cordeiros<\/p>\n<p>&#8211; Coloca\u00e7\u00e3o de material &#8211; Estrada de Sarandira &#8211; Valadares<\/p>\n<p>&#8211; Coloca\u00e7\u00e3o de material &#8211; Estrada de Boa Vista a Toledos &#8211; Torre\u00f5es<\/p>\n<p>&#8211; Coloca\u00e7\u00e3o de material &#8211; Estrada 29 a mascate &#8211; Monte Verde<\/p>\n<p>&#8211; Execu\u00e7\u00e3o de leira de rip rap &#8211; Rua Jos\u00e9 Claro &#8211; Dom Bosco<br \/>\n<strong>Ilumina\u00e7\u00e3o P\u00fablica<\/strong><br \/>\nO departamento de Ilumina\u00e7\u00e3o P\u00fablica da PJF d\u00e1 continuidade \u00e0s a\u00e7\u00f5es com a previs\u00e3o de trocas de 128 l\u00e2mpadas em todas as regi\u00f5es.<br \/>\n<strong>Carlos Chagas<\/strong><\/p>\n<p>Rua Gorizia Trentini Da Silva<\/p>\n<p>Rua Marechal Cordeiro De Farias<\/p>\n<p>Rua Jos\u00e9 De Almeida Portes<\/p>\n<p>Rua Guilardo Xavier Furtado<br \/>\n<strong>Barreira Do Triunfo<\/strong><\/p>\n<p>Estrada Da Represa<br \/>\n<strong>Cidade Do Sol<\/strong><\/p>\n<p>Rua Cidade Do Sol<\/p>\n<p>Rua Franklin De Paula Marques<br \/>\n<strong>Distrito Industrial<\/strong><\/p>\n<p>Avenida Ant\u00f4nio Sim\u00e3o Firjam<br \/>\n<strong>Alphaville II<\/strong><\/p>\n<p>Rua Marip\u00e1<\/p>\n<p>Rua Visconde Do Rio Branco<\/p>\n<p>Rua Al\u00e9m Para\u00edba<\/p>\n<p>Rua R<\/p>\n<p>Rua Uberl\u00e2ndia<\/p>\n<p>Rua Bicas<br \/>\n<strong>Alphaville I<\/strong><\/p>\n<p>Rua Cambu\u00ed<\/p>\n<p>Rua Itanhandu<\/p>\n<p>Rua Ibirit\u00e9<\/p>\n<p>Rua Ibi\u00e1<br \/>\n<strong>Torre\u00f5es<\/strong><\/p>\n<p>Estrada De Torre\u00f5es Anna Pereira Delgado<br \/>\n<strong>Nossa Senhora De Lourdes<\/strong><\/p>\n<p>Rua Doutora Dulce Palmer<br \/>\n<strong>Costa Carvalho<\/strong><\/p>\n<p>Rua Olga Burnier<\/p>\n<p>Rua Santa Clara<br \/>\n<strong>Ipiranga<\/strong><\/p>\n<p>Rua Dr. Walter Nascimento Campos<\/p>\n<p>Rua Argemiro Jos\u00e9 Machado<br \/>\n<strong>Santa Cruz<\/strong><\/p>\n<p>Rua Fel\u00edcio Manoel De Oliveira<\/p>\n<p>Rua Ant\u00f4nio Joaquim Da Silva<br \/>\n<strong>Santo Ant\u00f4nio<\/strong><\/p>\n<p>Rua Alian\u00e7a<\/p>\n<p>Rua Francisco Fontainha<\/p>\n<p>Rua Primeira Vit\u00f3ria<br \/>\n<strong>Paula Lima<\/strong><\/p>\n<p>Rua Vicente G\u00e1vio<\/p>\n<p>Rua Padre Nelson Dutra<br \/>\n<strong>Santos Dumont<\/strong><\/p>\n<p>Rua \u00c1lvaro Jos\u00e9 Rodrigues<br \/>\n<strong>Jardim Natal<\/strong><\/p>\n<p>Rua Tenente Lucas Drumont<br \/>\n<strong>Barreira Do Triunfo<\/strong><\/p>\n<p>Avenida Presidente Juscelino Kubitschek<\/p>\n<p>Estrada Elias Jos\u00e9 Mockdeci<br \/>\n<strong>Borboleta<\/strong><\/p>\n<p>Rua Talita Jonas<\/p>\n<p>Rua Humberto Menini<br \/>\n<strong>Parque Imperial<\/strong><\/p>\n<p>Rua Ivan Soares Oliveira<br \/>\n<strong>Bar\u00e3o Do Retiro<\/strong><\/p>\n<p>Rua L<br \/>\n<strong>Solidariedade<\/strong><\/p>\n<p>Rua Helena P Blavhtsky<br \/>\n<strong>Vila Ideal<\/strong><\/p>\n<p>Rua Armando Perniza<\/p>\n<p>Rua Amadeu Guimaraes<br \/>\n<strong>Monte Castelo<\/strong><\/p>\n<p>Rua Nazira Mattar De Freitas<\/p>\n<p>Rua Coronel Quint\u00e3o<br \/>\n<strong>Bonfim<\/strong><\/p>\n<p>Rua Danilo Breviglieri<\/p>\n<p>Rua Bar\u00e3o Do Retiro<br \/>\n<strong>Nova Era<\/strong><\/p>\n<p>Rua Do Vale<\/p>\n<p>Rua Eraldo Guerra Peixe<br \/>\n<strong>Benfica<\/strong><\/p>\n<p>Rua Fel\u00edcio Lima<\/p>\n<p>Rua Jeronimo Norberto Fernandes<br \/>\n<strong>S\u00e3o Pedro<\/strong><\/p>\n<p>Avenida Pedro Henrique Krambeck<br \/>\n<strong>Previdenci\u00e1rios<\/strong><\/p>\n<p>Rua Ant\u00f4nio Bento De Vasconcelos<br \/>\n<strong>Bela Aurora<\/strong><\/p>\n<p>Rua Silvino Augusto Moreira<br \/>\n<strong>Teixeiras<\/strong><\/p>\n<p>Av Maria De Almeida Silva<br \/>\n<strong>Santa Teresa<\/strong><\/p>\n<p>Rua Doutor Edgard Carlos Pereira<br \/>\n<strong>Parque Jardim Burnier<\/strong><\/p>\n<p>Rua Natalino Jos\u00e9 De Paula<br \/>\n<strong>Tiguera<\/strong><\/p>\n<p>Rua Antonio Carlos Pereira<br \/>\n<strong>Chap\u00e9u D&#8217;uvas<\/strong><\/p>\n<p>Rua Coronel Jos\u00e9 Henrique De Carvalho<br \/>\n<strong>Barreira Do Triunfo<\/strong><\/p>\n<p>Estrada Elias Jos\u00e9 Mockdeci<br \/>\n<strong>Aeroporto<\/strong><\/p>\n<p>Rua Judith De Paula<br \/>\n<strong>Granjas Do Bosque<\/strong><\/p>\n<p>Rua Jos\u00e9 Ludolf De Melo<br \/>\n<strong>Vila Esperan\u00e7a<\/strong><\/p>\n<p>Avenida Ant\u00f4nio Sim\u00e3o Firjan<br \/>\n<strong>Esplanada<\/strong><\/p>\n<p>Rua Luiz Andr\u00e9 Hagen<br \/>\n<strong>Santa C\u00e2ndida<\/strong><\/p>\n<p>Rua Altivo Cintra<br \/>\n<strong>Mundo Novo<\/strong><\/p>\n<p>Rua Tavares Bastos<br \/>\n<strong>Passos<\/strong><\/p>\n<p>Rua Dom Silv\u00e9rio<br \/>\n<strong>Jardim Gl\u00f3ria<\/strong><\/p>\n<p>Avenida Dos Andradas<br \/>\n<strong>S\u00e3o Dami\u00e3o<\/strong><\/p>\n<p>Rua Bartolomeu Dos Santos<br \/>\n<strong>Granjas Do Bosque<\/strong><\/p>\n<p>Rua Jos\u00e9 Ludolf De Melo<br \/>\n<strong>Jardim Umuarama<\/strong><\/p>\n<p>Rua Amaro Correa De Oliveira<br \/>\n<strong>Gabinete de A\u00e7\u00e3o e Di\u00e1logo Comunit\u00e1rio<\/strong><br \/>\nAs a\u00e7\u00f5es da Secretaria de Obras s\u00e3o realizadas atrav\u00e9s do Gabinete de A\u00e7\u00e3o e Di\u00e1logo Comunit\u00e1rio, que recebe demandas de melhorias urbanas pelo n\u00famero (32) 3690-7241, por liga\u00e7\u00e3o ou WhatsApp.<br \/>\nNo\u00a0<a href=\"https:\/\/www.pjf.mg.gov.br\/gabinetecomunitario\/\"><strong>site do gabinete<\/strong><\/a>, est\u00e3o dispon\u00edveis informa\u00e7\u00f5es atualizadas\u00a0 diariamente sobre os servi\u00e7os realizados pelas secretarias de Obras (SO); de Sustentabilidade em Meio Ambiente e Atividades Urbanas (Sesmaur); de Mobilidade Urbana (SMU); e pela\u00a0 Empresa Municipal de Pavimenta\u00e7\u00e3o e Urbaniza\u00e7\u00e3o (Empav); Departamento Municipal de Limpeza Urbana (Demlurb); e Companhia de Saneamento Municipal (Cesama).<\/p>\n","protected":false},"excerpt":{"rendered":"<p>Segundo informa\u00e7\u00f5es do site da Prefeitura de Juiz de Fora (PJF), o\u00a0Programa Boniteza da Prefeitura de Juiz de Fora (PJF) opera em 148 interven\u00e7\u00f5es nesta segunda-feira, 19. Obras Os Departamentos de Opera\u00e7\u00e3o e Manuten\u00e7\u00e3o em Obras (Domo) e de Estradas Vicinais da Secretaria de Obras t\u00eam previstas 20 a\u00e7\u00f5es. Interven\u00e7\u00f5es em continuidade: &#8211; Patrolamento com [&hellip;]<\/p>\n","protected":false},"author":246,"featured_media":204464,"comment_status":"closed","ping_status":"closed","sticky":false,"template":"","format":"standard","meta":{"footnotes":""},"categories":[253,436,439],"tags":[],"class_list":["post-204462","post","type-post","status-publish","format-standard","has-post-thumbnail","hentry","category-cidade","category-destaque-da-semana","category-ultima-hora"],"_links":{"self":[{"href":"https:\/\/diarioregionaldigital.com.br\/index.php?rest_route=\/wp\/v2\/posts\/204462","targetHints":{"allow":["GET"]}}],"collection":[{"href":"https:\/\/diarioregionaldigital.com.br\/index.php?rest_route=\/wp\/v2\/posts"}],"about":[{"href":"https:\/\/diarioregionaldigital.com.br\/index.php?rest_route=\/wp\/v2\/types\/post"}],"author":[{"embeddable":true,"href":"https:\/\/diarioregionaldigital.com.br\/index.php?rest_route=\/wp\/v2\/users\/246"}],"replies":[{"embeddable":true,"href":"https:\/\/diarioregionaldigital.com.br\/index.php?rest_route=%2Fwp%2Fv2%2Fcomments&post=204462"}],"version-history":[{"count":1,"href":"https:\/\/diarioregionaldigital.com.br\/index.php?rest_route=\/wp\/v2\/posts\/204462\/revisions"}],"predecessor-version":[{"id":204465,"href":"https:\/\/diarioregionaldigital.com.br\/index.php?rest_route=\/wp\/v2\/posts\/204462\/revisions\/204465"}],"wp:featuredmedia":[{"embeddable":true,"href":"https:\/\/diarioregionaldigital.com.br\/index.php?rest_route=\/wp\/v2\/media\/204464"}],"wp:attachment":[{"href":"https:\/\/diarioregionaldigital.com.br\/index.php?rest_route=%2Fwp%2Fv2%2Fmedia&parent=204462"}],"wp:term":[{"taxonomy":"category","embeddable":true,"href":"https:\/\/diarioregionaldigital.com.br\/index.php?rest_route=%2Fwp%2Fv2%2Fcategories&post=204462"},{"taxonomy":"post_tag","embeddable":true,"href":"https:\/\/diarioregionaldigital.com.br\/index.php?rest_route=%2Fwp%2Fv2%2Ftags&post=204462"}],"curies":[{"name":"wp","href":"https:\/\/api.w.org\/{rel}","templated":true}]}}