{"id":204450,"date":"2022-09-19T15:36:49","date_gmt":"2022-09-19T18:36:49","guid":{"rendered":"https:\/\/diarioregionaldigital.com.br\/?p=204450"},"modified":"2022-09-19T15:36:49","modified_gmt":"2022-09-19T18:36:49","slug":"com-danca-brasileira-real-supera-atletico-no-campeonato-espanhol","status":"publish","type":"post","link":"https:\/\/diarioregionaldigital.com.br\/?p=204450","title":{"rendered":"Com dan\u00e7a brasileira, Real supera Atl\u00e9tico no Campeonato Espanhol"},"content":{"rendered":"<p>No ato final de uma semana repleta de pol\u00eamicas &#8211; e atitudes racistas &#8211; em antecipa\u00e7\u00e3o ao d\u00e9rbi da capital espanhola, o Real Madrid bateu o Atl\u00e9tico de Madrid, fora de casa, por 2 a 1, manteve os 100% de aproveitamento no Campeonato Espanhol e a lideran\u00e7a isolada na competi\u00e7\u00e3o. Vin\u00edcius J\u00fanior n\u00e3o marcou, mas teve atua\u00e7\u00e3o determinante e dan\u00e7ou com outro brasileiro, Rodrygo, autor do primeiro gol. O Real tem 18 pontos em seis rodadas, enquanto o Atl\u00e9tico aparece em s\u00e9timo, com dez.<img decoding=\"async\" src=\"https:\/\/agenciabrasil.ebc.com.br\/ebc.png?id=1483118&amp;o=node\" \/><img decoding=\"async\" src=\"https:\/\/agenciabrasil.ebc.com.br\/ebc.gif?id=1483118&amp;o=node\" \/><\/p>\n<p>Durante a semana, o meio-campo Koke, do Atl\u00e9tico, disse em entrevista que haveria confus\u00e3o caso Vini Jr comemorasse um gol dan\u00e7ando, sua marca registrada. Ao repercutir o tema, um empres\u00e1rio de jogadores, Pedro Bravo, disse em uma emissora de tev\u00ea espanhola que o atacante brasileiro deveria parar de fazer &#8220;macaquices&#8221;. A campanha #bailavinijr passou, ent\u00e3o, a ser divulgada nas m\u00eddias sociais, como apoio ao atleta. Neste domingo (18), outro ato racista foi flagrado em um v\u00eddeo, divulgado nas redes sociais minutos antes do in\u00edcio do cl\u00e1ssico, com torcedores do Atl\u00e9tico de Madrid chamando Vini de &#8220;macaco&#8221; do lado de fora do Est\u00e1dio Wanda Metropolitano, casa do time e local da partida.<\/p>\n<p>No aquecimento, Vini Jr foi o jogador do Real mais vaiado ao ter seu nome anunciado pelo sistema de som. Em campo, o clima foi de nervosismo como \u00e9 h\u00e1bito em confrontos de grande rivalidade. Vinicius, que jogou a partida inteira, se envolveu em algumas pequenas confus\u00f5es, mas chamou mais a aten\u00e7\u00e3o pelo futebol.<\/p>\n<p>Pressionado atuando fora de casa, o Real foi cir\u00fargico nas chances que teve. No primeiro tempo, abriu o placar aos 20, quando Tchouam\u00e9ni levantou na \u00e1rea, o zagueiro brasileiro Felipe n\u00e3o conseguiu cortar e Rodrygo completou de primeira para as redes. N\u00e3o foi Vini quem marcou, mas outro brasileiro negro. Os dois sambaram no gramado em comemora\u00e7\u00e3o e os torcedores advers\u00e1rios lan\u00e7aram alguns objetos, que n\u00e3o os atingiram.<\/p>\n<p>Ainda na primeira etapa, Vinicius Junior foi lan\u00e7ado pela esquerda e acertou a trave. No rebote, o uruguaio Valverde ampliou para o Real.<\/p>\n<p>No segundo tempo, Mario Hermoso diminuiu para os donos da casa em um lance involunt\u00e1rio e, minutos depois, acabou expulso por dois cart\u00f5es amarelos, um deles por atingir o rosto de um jogador advers\u00e1rio.<\/p>\n<p>Vitorioso em campo, Vini Jr foi \u00e0s redes sociais ap\u00f3s a partida e postou uma foto da comemora\u00e7\u00e3o do primeiro gol junto a Rodrygo, com a legenda: &#8220;Dance onde quiser&#8221;.<\/p>\n<p><span style=\"font-weight: 400;\"><br \/>\n<\/span><span style=\"font-weight: 400;\">Fonte: Ag\u00eancia Brasil <\/span><\/p>\n","protected":false},"excerpt":{"rendered":"<p>No ato final de uma semana repleta de pol\u00eamicas &#8211; e atitudes racistas &#8211; em antecipa\u00e7\u00e3o ao d\u00e9rbi da capital espanhola, o Real Madrid bateu o Atl\u00e9tico de Madrid, fora de casa, por 2 a 1, manteve os 100% de aproveitamento no Campeonato Espanhol e a lideran\u00e7a isolada na competi\u00e7\u00e3o. Vin\u00edcius J\u00fanior n\u00e3o marcou, mas [&hellip;]<\/p>\n","protected":false},"author":246,"featured_media":204451,"comment_status":"closed","ping_status":"closed","sticky":false,"template":"","format":"standard","meta":{"footnotes":""},"categories":[436,257,439],"tags":[],"class_list":["post-204450","post","type-post","status-publish","format-standard","has-post-thumbnail","hentry","category-destaque-da-semana","category-esporte","category-ultima-hora"],"_links":{"self":[{"href":"https:\/\/diarioregionaldigital.com.br\/index.php?rest_route=\/wp\/v2\/posts\/204450","targetHints":{"allow":["GET"]}}],"collection":[{"href":"https:\/\/diarioregionaldigital.com.br\/index.php?rest_route=\/wp\/v2\/posts"}],"about":[{"href":"https:\/\/diarioregionaldigital.com.br\/index.php?rest_route=\/wp\/v2\/types\/post"}],"author":[{"embeddable":true,"href":"https:\/\/diarioregionaldigital.com.br\/index.php?rest_route=\/wp\/v2\/users\/246"}],"replies":[{"embeddable":true,"href":"https:\/\/diarioregionaldigital.com.br\/index.php?rest_route=%2Fwp%2Fv2%2Fcomments&post=204450"}],"version-history":[{"count":1,"href":"https:\/\/diarioregionaldigital.com.br\/index.php?rest_route=\/wp\/v2\/posts\/204450\/revisions"}],"predecessor-version":[{"id":204452,"href":"https:\/\/diarioregionaldigital.com.br\/index.php?rest_route=\/wp\/v2\/posts\/204450\/revisions\/204452"}],"wp:featuredmedia":[{"embeddable":true,"href":"https:\/\/diarioregionaldigital.com.br\/index.php?rest_route=\/wp\/v2\/media\/204451"}],"wp:attachment":[{"href":"https:\/\/diarioregionaldigital.com.br\/index.php?rest_route=%2Fwp%2Fv2%2Fmedia&parent=204450"}],"wp:term":[{"taxonomy":"category","embeddable":true,"href":"https:\/\/diarioregionaldigital.com.br\/index.php?rest_route=%2Fwp%2Fv2%2Fcategories&post=204450"},{"taxonomy":"post_tag","embeddable":true,"href":"https:\/\/diarioregionaldigital.com.br\/index.php?rest_route=%2Fwp%2Fv2%2Ftags&post=204450"}],"curies":[{"name":"wp","href":"https:\/\/api.w.org\/{rel}","templated":true}]}}