{"id":204447,"date":"2022-09-19T15:35:11","date_gmt":"2022-09-19T18:35:11","guid":{"rendered":"https:\/\/diarioregionaldigital.com.br\/?p=204447"},"modified":"2022-09-19T15:35:11","modified_gmt":"2022-09-19T18:35:11","slug":"palmeiras-derrota-santos-e-amplia-vantagem-na-ponta-do-brasileirao","status":"publish","type":"post","link":"https:\/\/diarioregionaldigital.com.br\/?p=204447","title":{"rendered":"Palmeiras derrota Santos e amplia vantagem na ponta do Brasileir\u00e3o"},"content":{"rendered":"<p>Pode ser por apenas uma noite, mas o Palmeiras abriu dist\u00e2ncia ainda maior na lideran\u00e7a da S\u00e9rie A do Campeonato Brasileiro ao derrotar o Santos, em casa, por 1 a 0, na noite deste\u00a0domingo\u00a0(18). Agora, o Verd\u00e3o acumula 57 pontos, nove a mais que o Fluminense. O Internacional, que abriu a rodada como vice-l\u00edder, ainda joga nesta\u00a0segunda-feira (19)\u00a0contra o Atl\u00e9tico Goianiense e pode voltar a ficar a oito pontos de dist\u00e2ncia do l\u00edder. O uruguaio Miguel Merentiel marcou o gol do jogo.<img decoding=\"async\" src=\"https:\/\/agenciabrasil.ebc.com.br\/ebc.png?id=1483123&amp;o=node\" \/><img decoding=\"async\" src=\"https:\/\/agenciabrasil.ebc.com.br\/ebc.gif?id=1483123&amp;o=node\" \/><\/p>\n<p>O primeiro tempo do duelo no Allianz Parque foi de poucas oportunidades de gol. O Palmeiras rondou a \u00e1rea santista sem levar muito perigo. O Santos assustou em chute longo de Lucas Braga que Weverton defendeu.<\/p>\n<p>O jogo foi um pouco mais movimentado na\u00a0segunda\u00a0metade. Aos 14 minutos, o Verd\u00e3o ficou com dez em campo. Em contra-ataque, Soteldo avan\u00e7ava para a \u00e1rea palmeirense e foi parado por Danilo, que acertou a perna do meio-campo santista de maneira forte, sendo expulso diretamente.<\/p>\n<p>No entanto, o fato de\u00a0ter\u00a0um jogador a menos n\u00e3o intimidou o Palmeiras, que chegou ao gol aos 31. Gabriel Menino cobrou escanteio pela direita, Murilo desviou com a barriga e encontrou Miguel Merentiel dentro da pequena \u00e1rea. O uruguaio dominou e girou para acertar um belo voleio e vencer o goleiro Jo\u00e3o Paulo.<\/p>\n<p>O t\u00e9cnico Abel Ferreira tamb\u00e9m acabou expulso posteriormente por reclama\u00e7\u00e3o, mas o Peixe n\u00e3o tirou vantagem disso. Ao final, a maior parte dos 40 mil torcedores presentes comemorou a vit\u00f3ria do time da casa.<\/p>\n<p>O compromisso seguinte do Palmeiras est\u00e1 marcado para o dia 28, quando duela com o Atl\u00e9tico-MG em Belo Horizonte. Na v\u00e9spera, o Santos ser\u00e1 o anfitri\u00e3o diante do Athletico Paranaense.<\/p>\n<h2>Coelho bate o Tim\u00e3o e se firma ainda mais na parte de cima da tabela<\/h2>\n<p>No est\u00e1dio Independ\u00eancia, em Belo Horizonte, o t\u00e9cnico Vitor Pereira resolveu poupar diversos titulares habituais, desgastados depois da partida contra o Fluminense, durante a semana, que rendeu a vaga na final da Copa do Brasil. O Am\u00e9rica, mandante da partida, aproveitou para fazer partida consistente e vencer por 1 a 0. O gol foi marcado por Juninho, aos 31 da\u00a0segunda\u00a0etapa. C\u00e1ceres cruzou pela esquerda, Mastriani cabeceou para o meio da \u00e1rea e Juninho, tamb\u00e9m de cabe\u00e7a, completou para o gol. O resultado levou o Coelho aos 39 pontos, em oitavo lugar. O Tim\u00e3o parou nos 44, em sexto.<\/p>\n<p>A pr\u00f3xima jornada reserva ao Corinthians um duelo com o Atl\u00e9tico-GO, no dia 28. Na mesma data, o Am\u00e9rica visita o Cuiab\u00e1.<\/p>\n<h2>Juventude e Fortaleza empatam em jogo frio<\/h2>\n<p>Fugir da S\u00e9rie B \u00e9 a miss\u00e3o de Juventude e Fortaleza at\u00e9 agora no campeonato. Ap\u00f3s o empate por 1 a 1 em Caxias do Sul, nenhuma das equipes saiu satisfeita com rela\u00e7\u00e3o ao objetivo. O Juventude chegou ao oitavo jogo sem vit\u00f3ria no Brasileir\u00e3o &#8211; ainda n\u00e3o venceu no segundo turno &#8211; e segue na lanterna, com apenas 18 pontos. Restando 11 rodadas, a sa\u00edda do Z-4 est\u00e1 a 11 pontos de dist\u00e2ncia. J\u00e1 o Fortaleza, com 31, est\u00e1 em 14\u00ba, apenas tr\u00eas posi\u00e7\u00f5es acima da zona da degola.<\/p>\n<p>Neste\u00a0domingo (18), a equipe cearense abriu o placar no fim do primeiro tempo, quando Caio Alexandre chutou para o meio da \u00e1rea e Paulo Miranda acabou completando para as pr\u00f3prias redes. Na\u00a0segunda\u00a0etapa, os donos da casa empataram aos 32, quando Capixaba levantou na \u00e1rea e Vitor Gabriel, completamente livre, finalizou de cabe\u00e7a.<\/p>\n<p>Na pr\u00f3xima rodada, ambas as equipes atuam no dia 28. O Fortaleza recebe o Flamengo, enquanto o Juventude visita o Fluminense.<\/p>\n<p><span style=\"font-weight: 400;\">Fonte: Ag\u00eancia Brasil <\/span><\/p>\n","protected":false},"excerpt":{"rendered":"<p>Pode ser por apenas uma noite, mas o Palmeiras abriu dist\u00e2ncia ainda maior na lideran\u00e7a da S\u00e9rie A do Campeonato Brasileiro ao derrotar o Santos, em casa, por 1 a 0, na noite deste\u00a0domingo\u00a0(18). Agora, o Verd\u00e3o acumula 57 pontos, nove a mais que o Fluminense. O Internacional, que abriu a rodada como vice-l\u00edder, ainda [&hellip;]<\/p>\n","protected":false},"author":246,"featured_media":204448,"comment_status":"closed","ping_status":"closed","sticky":false,"template":"","format":"standard","meta":{"footnotes":""},"categories":[436,257,439],"tags":[],"class_list":["post-204447","post","type-post","status-publish","format-standard","has-post-thumbnail","hentry","category-destaque-da-semana","category-esporte","category-ultima-hora"],"_links":{"self":[{"href":"https:\/\/diarioregionaldigital.com.br\/index.php?rest_route=\/wp\/v2\/posts\/204447","targetHints":{"allow":["GET"]}}],"collection":[{"href":"https:\/\/diarioregionaldigital.com.br\/index.php?rest_route=\/wp\/v2\/posts"}],"about":[{"href":"https:\/\/diarioregionaldigital.com.br\/index.php?rest_route=\/wp\/v2\/types\/post"}],"author":[{"embeddable":true,"href":"https:\/\/diarioregionaldigital.com.br\/index.php?rest_route=\/wp\/v2\/users\/246"}],"replies":[{"embeddable":true,"href":"https:\/\/diarioregionaldigital.com.br\/index.php?rest_route=%2Fwp%2Fv2%2Fcomments&post=204447"}],"version-history":[{"count":1,"href":"https:\/\/diarioregionaldigital.com.br\/index.php?rest_route=\/wp\/v2\/posts\/204447\/revisions"}],"predecessor-version":[{"id":204449,"href":"https:\/\/diarioregionaldigital.com.br\/index.php?rest_route=\/wp\/v2\/posts\/204447\/revisions\/204449"}],"wp:featuredmedia":[{"embeddable":true,"href":"https:\/\/diarioregionaldigital.com.br\/index.php?rest_route=\/wp\/v2\/media\/204448"}],"wp:attachment":[{"href":"https:\/\/diarioregionaldigital.com.br\/index.php?rest_route=%2Fwp%2Fv2%2Fmedia&parent=204447"}],"wp:term":[{"taxonomy":"category","embeddable":true,"href":"https:\/\/diarioregionaldigital.com.br\/index.php?rest_route=%2Fwp%2Fv2%2Fcategories&post=204447"},{"taxonomy":"post_tag","embeddable":true,"href":"https:\/\/diarioregionaldigital.com.br\/index.php?rest_route=%2Fwp%2Fv2%2Ftags&post=204447"}],"curies":[{"name":"wp","href":"https:\/\/api.w.org\/{rel}","templated":true}]}}