{"id":204440,"date":"2022-09-19T15:31:27","date_gmt":"2022-09-19T18:31:27","guid":{"rendered":"https:\/\/diarioregionaldigital.com.br\/?p=204440"},"modified":"2022-09-19T15:31:27","modified_gmt":"2022-09-19T18:31:27","slug":"stefani-e-campea-de-duplas-em-wta-na-india-seu-1o-torneio-pos-retorno","status":"publish","type":"post","link":"https:\/\/diarioregionaldigital.com.br\/?p=204440","title":{"rendered":"Stefani \u00e9 campe\u00e3 de duplas em WTA na \u00cdndia, seu 1\u00ba torneio p\u00f3s-retorno"},"content":{"rendered":"<p>O domingo (18) foi especial para a brasileira Luisa Stefani, de 25 anos, campe\u00e3 nas duplas do WTA 250 de Chennai (\u00cdndia), ao lado da canadense Gabriela Dabrowski. \u00c9 o primeiro t\u00edtulo de Stefani nesta temporada: a paulista voltou a competir no Aberto de Chennai, ap\u00f3s um ano em recupera\u00e7\u00e3o de uma cirurgia no joelho direito. A parceria Brasil-Canad\u00e1 sobrou em quadra na final contra a dupla da russa Anna Blinkova com a georgiana Natela Dzalamidze: vit\u00f3ria por 2 sets a 0 (parciais de 6\/1 e 6\/2).<img decoding=\"async\" src=\"https:\/\/agenciabrasil.ebc.com.br\/ebc.png?id=1483096&amp;o=node\" \/><img decoding=\"async\" src=\"https:\/\/agenciabrasil.ebc.com.br\/ebc.gif?id=1483096&amp;o=node\" \/><\/p>\n<blockquote><p>&#8220;Muito feliz com o t\u00edtulo, mas principalmente com a semana. Estou me sentindo super bem, o joelho est\u00e1 bem, o corpo tamb\u00e9m. Assim como a cabe\u00e7a boa. Muito contente em voltar a jogar, a competir. A gente foi melhorando jogo ap\u00f3s jogo, e eu me sentindo melhor. E jogar com a Gabi, n\u00e3o tenho nem palavras. N\u00e3o tem ningu\u00e9m que eu gostaria de estar ao lado, mais do que ela, nesta volta. Estava comigo na les\u00e3o, no momento que foi muito duro, e agora conseguir o t\u00edtulo as duas juntas \u00e9 inexplic\u00e1vel&#8221;,\u00a0disse emocionada Stefani, em entrevista aos organizadores do WTA de Chennai.<\/p><\/blockquote>\n<p>Stefani e Gabi disputavam a semifinal do US Open do ano passado, quando a brasileira rompeu o ligamento cruzado do joelho direito. \u00a0Antes elas haviam sido campe\u00e3s juntas no WTA de Montreal (Canad\u00e1) e vices em San Jose e Cincinnati \u2013 ambos os torneios nos Estados Unidos. Tamb\u00e9m na temporada \u00a0passada, Stefani foi vice duas vezes ao lado da norte-americana Hayley Carter \u2013 no WTA 500 de Abu Dhabi (Emirados \u00c1rabes) e no WTA 500 de Adelaide (Austr\u00e1lia).<\/p>\n<p>O pr\u00f3ximo desafio da brasileira ser\u00e1 o WTA 500 de T\u00f3quio, com in\u00edcio nesta segunda-feira (19), no qual jogar\u00e1 ao lado da japonesa Ena Shibahara. E logo na estreia, Stefani enfrentar\u00e1\u00a0Gabi Gabrowski com outra parceira, a mexicana Giulia Olmos. Stefani tem boas recorda\u00e7\u00f5es de T\u00f3quio, onde conquistou o bronze, sua primeira medalha ol\u00edmpica, ao lado da compatriota Laura Pigossi, na edi\u00e7\u00e3o passada.<\/p>\n<p>&#8220;Agora, a vida \u00e9 assim, t\u00eanis \u00e9 assim. Nada descreve o t\u00eanis melhor. Hoje estamos aqui juntas, ganhando um t\u00edtulo, no pr\u00f3ximo torneio, uma contra a outra. E estou muito animada para\u00a0fazer um bom jogo contra elas. Est\u00e3o tendo um \u00f3timo ano, entrosadas\u201d, concluiu Stefani.<\/p>\n<p><span style=\"font-weight: 400;\">Fonte: Ag\u00eancia Brasil <\/span><\/p>\n","protected":false},"excerpt":{"rendered":"<p>O domingo (18) foi especial para a brasileira Luisa Stefani, de 25 anos, campe\u00e3 nas duplas do WTA 250 de Chennai (\u00cdndia), ao lado da canadense Gabriela Dabrowski. \u00c9 o primeiro t\u00edtulo de Stefani nesta temporada: a paulista voltou a competir no Aberto de Chennai, ap\u00f3s um ano em recupera\u00e7\u00e3o de uma cirurgia no joelho [&hellip;]<\/p>\n","protected":false},"author":246,"featured_media":204441,"comment_status":"closed","ping_status":"closed","sticky":false,"template":"","format":"standard","meta":{"footnotes":""},"categories":[436,440,257,439],"tags":[],"class_list":["post-204440","post","type-post","status-publish","format-standard","has-post-thumbnail","hentry","category-destaque-da-semana","category-destaques-do-dia","category-esporte","category-ultima-hora"],"_links":{"self":[{"href":"https:\/\/diarioregionaldigital.com.br\/index.php?rest_route=\/wp\/v2\/posts\/204440","targetHints":{"allow":["GET"]}}],"collection":[{"href":"https:\/\/diarioregionaldigital.com.br\/index.php?rest_route=\/wp\/v2\/posts"}],"about":[{"href":"https:\/\/diarioregionaldigital.com.br\/index.php?rest_route=\/wp\/v2\/types\/post"}],"author":[{"embeddable":true,"href":"https:\/\/diarioregionaldigital.com.br\/index.php?rest_route=\/wp\/v2\/users\/246"}],"replies":[{"embeddable":true,"href":"https:\/\/diarioregionaldigital.com.br\/index.php?rest_route=%2Fwp%2Fv2%2Fcomments&post=204440"}],"version-history":[{"count":1,"href":"https:\/\/diarioregionaldigital.com.br\/index.php?rest_route=\/wp\/v2\/posts\/204440\/revisions"}],"predecessor-version":[{"id":204442,"href":"https:\/\/diarioregionaldigital.com.br\/index.php?rest_route=\/wp\/v2\/posts\/204440\/revisions\/204442"}],"wp:featuredmedia":[{"embeddable":true,"href":"https:\/\/diarioregionaldigital.com.br\/index.php?rest_route=\/wp\/v2\/media\/204441"}],"wp:attachment":[{"href":"https:\/\/diarioregionaldigital.com.br\/index.php?rest_route=%2Fwp%2Fv2%2Fmedia&parent=204440"}],"wp:term":[{"taxonomy":"category","embeddable":true,"href":"https:\/\/diarioregionaldigital.com.br\/index.php?rest_route=%2Fwp%2Fv2%2Fcategories&post=204440"},{"taxonomy":"post_tag","embeddable":true,"href":"https:\/\/diarioregionaldigital.com.br\/index.php?rest_route=%2Fwp%2Fv2%2Ftags&post=204440"}],"curies":[{"name":"wp","href":"https:\/\/api.w.org\/{rel}","templated":true}]}}