{"id":204437,"date":"2022-09-19T15:27:56","date_gmt":"2022-09-19T18:27:56","guid":{"rendered":"https:\/\/diarioregionaldigital.com.br\/?p=204437"},"modified":"2022-09-19T15:27:56","modified_gmt":"2022-09-19T18:27:56","slug":"rodrigo-pacheco-assume-presidencia-da-republica-por-quatro-dias","status":"publish","type":"post","link":"https:\/\/diarioregionaldigital.com.br\/?p=204437","title":{"rendered":"Rodrigo Pacheco assume Presid\u00eancia da Rep\u00fablica por quatro dias"},"content":{"rendered":"<p>O presidente do Congresso Nacional, senador Rodrigo Pacheco (PSD-MG), assumir\u00e1 por quatro dias a Presid\u00eancia da Rep\u00fablica em virtude de viagens internacionais de Jair Bolsonaro e do vice-presidente, Hamilton Mor\u00e3o. Terceiro na linha de sucess\u00e3o presidencial, \u00e9 a terceira vez que o congressista assume o cargo.<img decoding=\"async\" src=\"https:\/\/agenciabrasil.ebc.com.br\/ebc.png?id=1482960&amp;o=node\" \/><img decoding=\"async\" src=\"https:\/\/agenciabrasil.ebc.com.br\/ebc.gif?id=1482960&amp;o=node\" \/><\/p>\n<p>O presidente Jair Bolsonaro viaja neste\u00a0<span id=\"OBJ_PREFIX_DWT1192_com_zimbra_date\" role=\"link\"><span id=\"OBJ_PREFIX_DWT1195_com_zimbra_date\" role=\"link\">s\u00e1bado<\/span><\/span>\u00a0(17) para participar do funeral da rainha Elizabeth II, em Londres, no Reino Unido. A cerim\u00f4nia ser\u00e1 realizada na pr\u00f3xima\u00a0<span id=\"OBJ_PREFIX_DWT1193_com_zimbra_date\" role=\"link\"><span id=\"OBJ_PREFIX_DWT1196_com_zimbra_date\" role=\"link\">segunda<\/span><\/span>-feira (19).<\/p>\n<p>J\u00e1 o vice-presidente, Hamilton Mour\u00e3o, viaja para Lima, no Peru, neste\u00a0<span id=\"OBJ_PREFIX_DWT1194_com_zimbra_date\" role=\"link\"><span id=\"OBJ_PREFIX_DWT1197_com_zimbra_date\" role=\"link\">s\u00e1bado<\/span><\/span>. Ele fica no pa\u00eds at\u00e9 o dia 20. O segundo na linha de sucess\u00e3o, presidente da C\u00e2mara, Arthur Lira (PP-AL) vai para Nova York, nos Estados Unidos.<\/p>\n<p>O senador Veneziano Vital do R\u00eago (MDB-PB) responde pela Presid\u00eancia do Senado, neste per\u00edodo.\u00a0De acordo com a legisla\u00e7\u00e3o, candidatos n\u00e3o podem assumir o posto de presidente da Rep\u00fablica nos seis meses anteriores ao pleito. Hamilton Mour\u00e3o disputa uma vaga no Senado, pelo Rio Grande do Sul, e Arthur Lira tenta a reelei\u00e7\u00e3o ao cargo de deputado federal.<\/p>\n<h2>Agenda<\/h2>\n<p>Lira tamb\u00e9m vai participar no evento da\u00a0ONU\u00a0e\u00a0retorna ao Brasil com a comitiva presidencial. J\u00e1 o vice-presidente Hamilton Mour\u00e3o viaja ao Peru no fim da tarde deste s\u00e1bado (17) e, no domingo\u00a0(18), deve se encontrar com o presidente Pedro Castillo.A agenda em Lima tamb\u00e9m deve ter uma reuni\u00e3o com a vice-presidente peruana, Dina Boluarte. No pa\u00eds vizinho o vice-presidente vai ainda participar da Expoalimentaria Per\u00fa 2022. A\u00a0 feira de insumos aliment\u00edcios ter\u00e1 produtores brasileiros.<\/p>\n<p><span style=\"font-weight: 400;\">Fonte: Ag\u00eancia Brasil <\/span><\/p>\n","protected":false},"excerpt":{"rendered":"<p>O presidente do Congresso Nacional, senador Rodrigo Pacheco (PSD-MG), assumir\u00e1 por quatro dias a Presid\u00eancia da Rep\u00fablica em virtude de viagens internacionais de Jair Bolsonaro e do vice-presidente, Hamilton Mor\u00e3o. Terceiro na linha de sucess\u00e3o presidencial, \u00e9 a terceira vez que o congressista assume o cargo. O presidente Jair Bolsonaro viaja neste\u00a0s\u00e1bado\u00a0(17) para participar do [&hellip;]<\/p>\n","protected":false},"author":246,"featured_media":204438,"comment_status":"closed","ping_status":"closed","sticky":false,"template":"","format":"standard","meta":{"footnotes":""},"categories":[436,254,439],"tags":[],"class_list":["post-204437","post","type-post","status-publish","format-standard","has-post-thumbnail","hentry","category-destaque-da-semana","category-politica","category-ultima-hora"],"_links":{"self":[{"href":"https:\/\/diarioregionaldigital.com.br\/index.php?rest_route=\/wp\/v2\/posts\/204437","targetHints":{"allow":["GET"]}}],"collection":[{"href":"https:\/\/diarioregionaldigital.com.br\/index.php?rest_route=\/wp\/v2\/posts"}],"about":[{"href":"https:\/\/diarioregionaldigital.com.br\/index.php?rest_route=\/wp\/v2\/types\/post"}],"author":[{"embeddable":true,"href":"https:\/\/diarioregionaldigital.com.br\/index.php?rest_route=\/wp\/v2\/users\/246"}],"replies":[{"embeddable":true,"href":"https:\/\/diarioregionaldigital.com.br\/index.php?rest_route=%2Fwp%2Fv2%2Fcomments&post=204437"}],"version-history":[{"count":1,"href":"https:\/\/diarioregionaldigital.com.br\/index.php?rest_route=\/wp\/v2\/posts\/204437\/revisions"}],"predecessor-version":[{"id":204439,"href":"https:\/\/diarioregionaldigital.com.br\/index.php?rest_route=\/wp\/v2\/posts\/204437\/revisions\/204439"}],"wp:featuredmedia":[{"embeddable":true,"href":"https:\/\/diarioregionaldigital.com.br\/index.php?rest_route=\/wp\/v2\/media\/204438"}],"wp:attachment":[{"href":"https:\/\/diarioregionaldigital.com.br\/index.php?rest_route=%2Fwp%2Fv2%2Fmedia&parent=204437"}],"wp:term":[{"taxonomy":"category","embeddable":true,"href":"https:\/\/diarioregionaldigital.com.br\/index.php?rest_route=%2Fwp%2Fv2%2Fcategories&post=204437"},{"taxonomy":"post_tag","embeddable":true,"href":"https:\/\/diarioregionaldigital.com.br\/index.php?rest_route=%2Fwp%2Fv2%2Ftags&post=204437"}],"curies":[{"name":"wp","href":"https:\/\/api.w.org\/{rel}","templated":true}]}}