{"id":204433,"date":"2022-09-19T15:26:44","date_gmt":"2022-09-19T18:26:44","guid":{"rendered":"https:\/\/diarioregionaldigital.com.br\/?p=204433"},"modified":"2022-09-19T15:26:44","modified_gmt":"2022-09-19T18:26:44","slug":"presidente-bolsonaro-participa-do-funeral-da-rainha-elizabeth-ii","status":"publish","type":"post","link":"https:\/\/diarioregionaldigital.com.br\/?p=204433","title":{"rendered":"Presidente Bolsonaro participa do funeral da rainha Elizabeth II"},"content":{"rendered":"<p>O presidente Jair Bolsonaro participou, hoje (19), em Londres, na Inglaterra, do funeral da Rainha Elizabeth II. \u201cNa Abadia de Westminster, prestamos uma \u00faltima homenagem \u00e0 Rainha Elizabeth II e apresentamos, em nome do fraterno povo brasileiro, nossas ora\u00e7\u00f5es para que Deus console o Rei Charles III, sua fam\u00edlia e seu povo, firmes na esperan\u00e7a de que estaremos todos juntos na vida eterna\u201d, escreveu, em publica\u00e7\u00e3o nas redes sociais.<img decoding=\"async\" src=\"https:\/\/agenciabrasil.ebc.com.br\/ebc.png?id=1483220&amp;o=node\" \/><img decoding=\"async\" src=\"https:\/\/agenciabrasil.ebc.com.br\/ebc.gif?id=1483220&amp;o=node\" \/><\/p>\n<p>Diversos membros da realeza e l\u00edderes mundiais\u00a0<a href=\"https:\/\/agenciabrasil.ebc.com.br\/internacional\/noticia\/2022-09\/realeza-lideres-mundiais-e-publico-se-reunem-para-funeral-da-rainha\" target=\"_blank\" rel=\"noopener\">acompanharam a cerim\u00f4nia<\/a>. Elizabeth morreu no \u00faltimo dia 8 de setembro, aos 96 anos. No mesmo dia, Bolsonaro\u00a0<a href=\"https:\/\/agenciabrasil.ebc.com.br\/politica\/noticia\/2022-09\/governo-decreta-luto-oficial-por-morte-de-rainha-elizabeth-ii\" target=\"_blank\" rel=\"noopener\">decretou luto oficial<\/a>\u00a0de tr\u00eas dias no Brasil.<\/p>\n<p>Ap\u00f3s o funeral de Estado, em Londres, o corpo da monarca foi levado ao Castelo de Windsor, que fica nos arredores da capital brit\u00e2nica, onde foi sepultado.<\/p>\n<p>Acompanhando pela primeira-dama\u00a0Michelle Bolsonaro, o presidente brasileiro tamb\u00e9m compareceu, nesta segunda-feira, \u00e0 recep\u00e7\u00e3o oferecida pelo ministro dos Neg\u00f3cios Estrangeiros do Reino Unido, James Cleverly.<\/p>\n<p>No fim da tarde, Bolsonaro deixa a capital inglesa com destino a Nova York, nos Estados Unidos. Amanh\u00e3 (20), ele faz o discurso de abertura dos debates de alto n\u00edvel da 77\u00aa Assembleia Geral das Na\u00e7\u00f5es Unidas.<\/p>\n<h2>Interino<\/h2>\n<p>Enquanto Bolsonaro est\u00e1 fora do pa\u00eds, o presidente do Senado, Rodrigo Pacheco, est\u00e1 no comando da Presid\u00eancia da Rep\u00fablica. Ele deve permanecer no exerc\u00edcio do cargo at\u00e9 quarta-feira (21), dia em que o mandat\u00e1rio deve retornar ao Brasil.<\/p>\n<p>Neste mesmo per\u00edodo, tamb\u00e9m est\u00e3o fora do pa\u00eds o vice-presidente da Rep\u00fablica, Hamilton Mour\u00e3o (segundo na linha sucess\u00f3ria presidencial) e o presidente da C\u00e2mara dos Deputados, Arthur Lira (terceiro na sucess\u00e3o). Os dois disputam cargos eletivos nas Elei\u00e7\u00f5es 2022 e, por isso, n\u00e3o podem assumir a Presid\u00eancia.<\/p>\n<p><span style=\"font-weight: 400;\"><br \/>\n<\/span><span style=\"font-weight: 400;\">Fonte: Ag\u00eancia Brasil<\/span><\/p>\n","protected":false},"excerpt":{"rendered":"<p>O presidente Jair Bolsonaro participou, hoje (19), em Londres, na Inglaterra, do funeral da Rainha Elizabeth II. \u201cNa Abadia de Westminster, prestamos uma \u00faltima homenagem \u00e0 Rainha Elizabeth II e apresentamos, em nome do fraterno povo brasileiro, nossas ora\u00e7\u00f5es para que Deus console o Rei Charles III, sua fam\u00edlia e seu povo, firmes na esperan\u00e7a [&hellip;]<\/p>\n","protected":false},"author":246,"featured_media":204434,"comment_status":"closed","ping_status":"closed","sticky":false,"template":"","format":"standard","meta":{"footnotes":""},"categories":[436,254,439],"tags":[],"class_list":["post-204433","post","type-post","status-publish","format-standard","has-post-thumbnail","hentry","category-destaque-da-semana","category-politica","category-ultima-hora"],"_links":{"self":[{"href":"https:\/\/diarioregionaldigital.com.br\/index.php?rest_route=\/wp\/v2\/posts\/204433","targetHints":{"allow":["GET"]}}],"collection":[{"href":"https:\/\/diarioregionaldigital.com.br\/index.php?rest_route=\/wp\/v2\/posts"}],"about":[{"href":"https:\/\/diarioregionaldigital.com.br\/index.php?rest_route=\/wp\/v2\/types\/post"}],"author":[{"embeddable":true,"href":"https:\/\/diarioregionaldigital.com.br\/index.php?rest_route=\/wp\/v2\/users\/246"}],"replies":[{"embeddable":true,"href":"https:\/\/diarioregionaldigital.com.br\/index.php?rest_route=%2Fwp%2Fv2%2Fcomments&post=204433"}],"version-history":[{"count":2,"href":"https:\/\/diarioregionaldigital.com.br\/index.php?rest_route=\/wp\/v2\/posts\/204433\/revisions"}],"predecessor-version":[{"id":204436,"href":"https:\/\/diarioregionaldigital.com.br\/index.php?rest_route=\/wp\/v2\/posts\/204433\/revisions\/204436"}],"wp:featuredmedia":[{"embeddable":true,"href":"https:\/\/diarioregionaldigital.com.br\/index.php?rest_route=\/wp\/v2\/media\/204434"}],"wp:attachment":[{"href":"https:\/\/diarioregionaldigital.com.br\/index.php?rest_route=%2Fwp%2Fv2%2Fmedia&parent=204433"}],"wp:term":[{"taxonomy":"category","embeddable":true,"href":"https:\/\/diarioregionaldigital.com.br\/index.php?rest_route=%2Fwp%2Fv2%2Fcategories&post=204433"},{"taxonomy":"post_tag","embeddable":true,"href":"https:\/\/diarioregionaldigital.com.br\/index.php?rest_route=%2Fwp%2Fv2%2Ftags&post=204433"}],"curies":[{"name":"wp","href":"https:\/\/api.w.org\/{rel}","templated":true}]}}