{"id":204430,"date":"2022-09-19T15:24:30","date_gmt":"2022-09-19T18:24:30","guid":{"rendered":"https:\/\/diarioregionaldigital.com.br\/?p=204430"},"modified":"2022-09-19T15:24:30","modified_gmt":"2022-09-19T18:24:30","slug":"tse-reforca-acoes-de-acessibilidade-para-as-eleicoes","status":"publish","type":"post","link":"https:\/\/diarioregionaldigital.com.br\/?p=204430","title":{"rendered":"TSE refor\u00e7a a\u00e7\u00f5es de acessibilidade para as elei\u00e7\u00f5es"},"content":{"rendered":"<p>Eleitores com defici\u00eancia ou mobilidade reduzida ter\u00e3o a possibilidade de votar em se\u00e7\u00e3o com acessibilidade que atenda melhor \u00e0s suas necessidades, como acesso \u00e0 rampa ou elevador.<img decoding=\"async\" src=\"https:\/\/agenciabrasil.ebc.com.br\/ebc.png?id=1482865&amp;o=node\" \/><img decoding=\"async\" src=\"https:\/\/agenciabrasil.ebc.com.br\/ebc.gif?id=1482865&amp;o=node\" \/><\/p>\n<p>De acordo com o Tribunal Superior Eleitoral (TSE), na hora da vota\u00e7\u00e3o, mesmo que n\u00e3o tenha sido feito nenhum pedido com anteced\u00eancia, o cidad\u00e3o pode informar ao mes\u00e1rio sobre suas limita\u00e7\u00f5es, para que sejam providenciadas solu\u00e7\u00f5es adequadas. O eleitor com defici\u00eancia tamb\u00e9m pode contar com a ajuda de uma pessoa de sua confian\u00e7a no acesso \u00e0 se\u00e7\u00e3o.<\/p>\n<p>Uma resolu\u00e7\u00e3o da Corte Eleitoral prev\u00ea apoio log\u00edstico para verificar as condi\u00e7\u00f5es de acessibilidade, apoio que, informalmente, \u00e9 conhecido como &#8220;coordenador de acessibilidade\u201d. Cada Tribunal Regional Eleitoral tem autonomia para decidir como far\u00e1 a sua log\u00edstica.<\/p>\n<p>Nas elei\u00e7\u00f5es deste ano, todas as urnas eletr\u00f4nicas contar\u00e3o com tradu\u00e7\u00e3o na L\u00edngua Brasileira de Sinais (Libras). Al\u00e9m disso, um v\u00eddeo feito por uma int\u00e9rprete de Libras ser\u00e1 apresentado em todas as 577.125 urnas eletr\u00f4nicas preparadas para o pleito. Na filmagem, exibida na tela do aparelho, a tradutora indicar\u00e1 a eleitoras e eleitores qual cargo est\u00e1 em disputa na vota\u00e7\u00e3o.<\/p>\n<p>Para as pessoas com defici\u00eancia visual, al\u00e9m do sistema Braille e da identifica\u00e7\u00e3o da tecla 5 nos teclados do aparelho, tamb\u00e9m s\u00e3o disponibilizados nas se\u00e7\u00f5es eleitorais fones de ouvido para que eleitores cegos ou com baixa vis\u00e3o recebam sinais sonoros com a indica\u00e7\u00e3o do n\u00famero escolhido e o retorno do nome da candidata ou do candidato em voz sintetizada.<\/p>\n<p>A sintetiza\u00e7\u00e3o de voz, recurso voltado para eleitores com defici\u00eancia visual, foi aprimorada para as elei\u00e7\u00f5es deste ano. Al\u00e9m de melhorias na qualidade geral do \u00e1udio, agora ser\u00e3o falados os nomes de suplentes e vices. E, para maior fidelidade na fala dos nomes dos concorrentes, agora tamb\u00e9m ser\u00e1 poss\u00edvel cadastrar um nome fon\u00e9tico.<\/p>\n<h2>Diversidade<\/h2>\n<p>Os povos ind\u00edgenas tamb\u00e9m t\u00eam assegurado, pela Constitui\u00e7\u00e3o Federal, a participa\u00e7\u00e3o no processo eleitoral. Para garantir esse direito, o TSE criou a Comiss\u00e3o de Promo\u00e7\u00e3o da Participa\u00e7\u00e3o Ind\u00edgena no Processo Eleitoral.<\/p>\n<p>Segundo o TSE, \u201c\u00e9 direito fundamental da pessoa ind\u00edgena ter considerados, na presta\u00e7\u00e3o de servi\u00e7os eleitorais, sua organiza\u00e7\u00e3o social, seus costumes e suas l\u00ednguas, cren\u00e7as e tradi\u00e7\u00f5es\u201d.<\/p>\n<p>Em fevereiro, o tribunal criou o N\u00facleo de Inclus\u00e3o e Diversidade do Tribunal. A fun\u00e7\u00e3o do grupo \u00e9 fortalecer a atua\u00e7\u00e3o da Corte em temas relacionados ao aumento da participa\u00e7\u00e3o pol\u00edtica de p\u00fablicos variados, com foco nas mulheres, nos negros, na popula\u00e7\u00e3o LGBTQIA+ e nos povos origin\u00e1rios.<\/p>\n<h2>Mulheres na pol\u00edtica<\/h2>\n<p>A participa\u00e7\u00e3o das mulheres na pol\u00edtica \u00e9 outra frente de trabalho do TSE. Ap\u00f3s iniciativa da Corte, o Congresso Nacional estabeleceu uma cota m\u00ednima de 30% das candidaturas destinadas para mulheres no Fundo Eleitoral. O mesmo percentual deve ser considerado em rela\u00e7\u00e3o ao tempo destinado \u00e0 propaganda eleitoral gratuita em r\u00e1dio e TV.<\/p>\n<p>Com o objetivo de estabelecer uma disputa mais equilibrada nas elei\u00e7\u00f5es, o tribunal realiza periodicamente campanhas em redes sociais e nas emissoras de r\u00e1dio e TV de todo o Brasil para tratar do tema.\u00a0<a href=\"https:\/\/www.tse.jus.br\/comunicacao\/noticias\/2022\/Junho\/tse-lanca-campanha-para-incentivar-mais-mulheres-na-politica-nas-eleicoes-2022\" target=\"_blank\" rel=\"noopener\">Em julho, foi lan\u00e7ada a campanha nacional\u202fMais Mulheres na Pol\u00edtica 2022<\/a>, composta por v\u00eddeo,\u202fspot\u202fe\u202fcards\u202fveiculados em emissoras de televis\u00e3o e r\u00e1dio e nas redes sociais.<\/p>\n<p>Ap\u00f3s decis\u00e3o da Corte, recursos destinados aos programas de promo\u00e7\u00e3o da participa\u00e7\u00e3o das mulheres na pol\u00edtica, n\u00e3o utilizados no pleito, dever\u00e3o ser usados da mesma forma nas elei\u00e7\u00f5es subsequentes.<\/p>\n<p><span style=\"font-weight: 400;\">Fonte: Ag\u00eancia Brasil\u00a0<\/span><span style=\"font-weight: 400;\"><br \/>\n<\/span><\/p>\n","protected":false},"excerpt":{"rendered":"<p>Eleitores com defici\u00eancia ou mobilidade reduzida ter\u00e3o a possibilidade de votar em se\u00e7\u00e3o com acessibilidade que atenda melhor \u00e0s suas necessidades, como acesso \u00e0 rampa ou elevador. De acordo com o Tribunal Superior Eleitoral (TSE), na hora da vota\u00e7\u00e3o, mesmo que n\u00e3o tenha sido feito nenhum pedido com anteced\u00eancia, o cidad\u00e3o pode informar ao mes\u00e1rio [&hellip;]<\/p>\n","protected":false},"author":246,"featured_media":204431,"comment_status":"closed","ping_status":"closed","sticky":false,"template":"","format":"standard","meta":{"footnotes":""},"categories":[436,254,439],"tags":[],"class_list":["post-204430","post","type-post","status-publish","format-standard","has-post-thumbnail","hentry","category-destaque-da-semana","category-politica","category-ultima-hora"],"_links":{"self":[{"href":"https:\/\/diarioregionaldigital.com.br\/index.php?rest_route=\/wp\/v2\/posts\/204430","targetHints":{"allow":["GET"]}}],"collection":[{"href":"https:\/\/diarioregionaldigital.com.br\/index.php?rest_route=\/wp\/v2\/posts"}],"about":[{"href":"https:\/\/diarioregionaldigital.com.br\/index.php?rest_route=\/wp\/v2\/types\/post"}],"author":[{"embeddable":true,"href":"https:\/\/diarioregionaldigital.com.br\/index.php?rest_route=\/wp\/v2\/users\/246"}],"replies":[{"embeddable":true,"href":"https:\/\/diarioregionaldigital.com.br\/index.php?rest_route=%2Fwp%2Fv2%2Fcomments&post=204430"}],"version-history":[{"count":1,"href":"https:\/\/diarioregionaldigital.com.br\/index.php?rest_route=\/wp\/v2\/posts\/204430\/revisions"}],"predecessor-version":[{"id":204432,"href":"https:\/\/diarioregionaldigital.com.br\/index.php?rest_route=\/wp\/v2\/posts\/204430\/revisions\/204432"}],"wp:featuredmedia":[{"embeddable":true,"href":"https:\/\/diarioregionaldigital.com.br\/index.php?rest_route=\/wp\/v2\/media\/204431"}],"wp:attachment":[{"href":"https:\/\/diarioregionaldigital.com.br\/index.php?rest_route=%2Fwp%2Fv2%2Fmedia&parent=204430"}],"wp:term":[{"taxonomy":"category","embeddable":true,"href":"https:\/\/diarioregionaldigital.com.br\/index.php?rest_route=%2Fwp%2Fv2%2Fcategories&post=204430"},{"taxonomy":"post_tag","embeddable":true,"href":"https:\/\/diarioregionaldigital.com.br\/index.php?rest_route=%2Fwp%2Fv2%2Ftags&post=204430"}],"curies":[{"name":"wp","href":"https:\/\/api.w.org\/{rel}","templated":true}]}}