{"id":204427,"date":"2022-09-19T15:21:47","date_gmt":"2022-09-19T18:21:47","guid":{"rendered":"https:\/\/diarioregionaldigital.com.br\/?p=204427"},"modified":"2022-09-19T15:21:47","modified_gmt":"2022-09-19T18:21:47","slug":"presidente-do-senado-reune-lideres-para-viabilizar-piso-da-enfermagem","status":"publish","type":"post","link":"https:\/\/diarioregionaldigital.com.br\/?p=204427","title":{"rendered":"Presidente do Senado re\u00fane l\u00edderes para viabilizar piso da enfermagem"},"content":{"rendered":"<p>Em reuni\u00e3o com l\u00edderes do Senado na manh\u00e3 desta segunda-feira (19), o presidente da Casa, senador Rodrigo Pacheco (PSD-MG) apresentou quatro projetos selecionados para tentar viabilizar o piso da enfermagem. A medida &#8211; que garantiria o pagamento de ao menos R$ 4.750 para enfermeiros, R$ 3.325 para t\u00e9cnicos de enfermagem e R$ 2.375 para auxiliares de enfermagem e parteiras &#8211; foi\u00a0<a href=\"http:\/\/https\/\/agenciabrasil.ebc.com.br\/saude\/noticia\/2022-08\/presidente-sanciona-piso-para-enfermagem-sem-reajuste-automatico\" target=\"_blank\" rel=\"noopener\">aprovada pelo Congresso e sancionada pelo presidente Jair Bolsonaro<\/a>, mas foi\u00a0<a href=\"https:\/\/agenciabrasil.ebc.com.br\/justica\/noticia\/2022-09\/maioria-do-stf-mantem-suspensao-de-piso-da-enfermagem\" target=\"_blank\" rel=\"noopener\">suspensa pelo Supremo Tribunal Federal<\/a>\u00a0(STF) sob o argumento que os congressistas n\u00e3o apontaram a fonte de recursos para custear os gastos.<img decoding=\"async\" src=\"https:\/\/agenciabrasil.ebc.com.br\/ebc.png?id=1483227&amp;o=node\" \/><img decoding=\"async\" src=\"https:\/\/agenciabrasil.ebc.com.br\/ebc.gif?id=1483227&amp;o=node\" \/><\/p>\n<p>Os senadores estimam que o impacto financeiro do aumento salarial ser\u00e1 de, no m\u00e1ximo, de R$ 16 bilh\u00f5es para os cofres p\u00fablicos. Entre os projetos em an\u00e1lise, o PLP 44\/22, de autoria do senador Luiz Carlos Heinze (PP-RS), \u00e9 apontado como alternativa mais imediata para tirar a lei do papel. O projeto autoriza estados e munic\u00edpios a remanejarem recursos parados em fundos de sa\u00fade. Se aprovado, o projeto liberaria cerca de R$ 7 bilh\u00f5es aos cofres p\u00fablicos.<\/p>\n<p>Vistos como solu\u00e7\u00e3o no longo prazo, est\u00e3o sendo estudados o PL 798\/21, que reedita o programa de repatriamento de recursos; o PL 458\/21, que trata da atualiza\u00e7\u00e3o patrimonial, al\u00e9m do PL 1417\/21, que prev\u00ea aux\u00edlio financeiro emergencial para as santas casas e hospitais filantr\u00f3picos.<\/p>\n<p>Para n\u00e3o atrasar muito a solu\u00e7\u00e3o, propostas mais pol\u00eamicas e sem consenso, como a legaliza\u00e7\u00e3o dos jogos de azar e minirreformas\u00a0tribut\u00e1rias n\u00e3o entrar\u00e3o no debate. Outra preocupa\u00e7\u00e3o \u00e9 com os profissionais que atuam na iniciativa privada. Neste\u00a0caso, a ideia \u00e9 desonerar a folha de pagamento da categoria. A expectativa \u00e9 de que Pacheco se encontre ainda hoje com o ministro da Economia, Paulo Guedes, com o ministro Ciro Nogueira (Casa Civil) e com C\u00e9lio Faria (Secretaria de Governo) para discutir as propostas apresentadas. O presidente da C\u00e2mara, Arthur Lira (PP-AL), tamb\u00e9m deve sentar com o presidente do Senado na tentativa de destravar o piso. Amanh\u00e3, Pacheco tamb\u00e9m deve se reunir com a presidente do STF, ministra Rosa Weber, para tratar do assunto.<\/p>\n<p>Ainda durante a reuni\u00e3o, o l\u00edder da minoria na Casa, Jean Paul Prates (PT-RN) apresentou uma proposta para que as emendas de relator, as RP 9, sejam utilizadas para custear o piso para os servidores municipais e estaduais da categoria. Na avalia\u00e7\u00e3o de Prates, a medida \u00e9 a solu\u00e7\u00e3o mais r\u00e1pida para o impasse.<\/p>\n<p><span style=\"font-weight: 400;\"><br \/>\n<\/span><span style=\"font-weight: 400;\">Fonte: Ag\u00eancia Brasil <\/span><\/p>\n","protected":false},"excerpt":{"rendered":"<p>Em reuni\u00e3o com l\u00edderes do Senado na manh\u00e3 desta segunda-feira (19), o presidente da Casa, senador Rodrigo Pacheco (PSD-MG) apresentou quatro projetos selecionados para tentar viabilizar o piso da enfermagem. A medida &#8211; que garantiria o pagamento de ao menos R$ 4.750 para enfermeiros, R$ 3.325 para t\u00e9cnicos de enfermagem e R$ 2.375 para auxiliares [&hellip;]<\/p>\n","protected":false},"author":246,"featured_media":204428,"comment_status":"closed","ping_status":"closed","sticky":false,"template":"","format":"standard","meta":{"footnotes":""},"categories":[436,440,254,439],"tags":[],"class_list":["post-204427","post","type-post","status-publish","format-standard","has-post-thumbnail","hentry","category-destaque-da-semana","category-destaques-do-dia","category-politica","category-ultima-hora"],"_links":{"self":[{"href":"https:\/\/diarioregionaldigital.com.br\/index.php?rest_route=\/wp\/v2\/posts\/204427","targetHints":{"allow":["GET"]}}],"collection":[{"href":"https:\/\/diarioregionaldigital.com.br\/index.php?rest_route=\/wp\/v2\/posts"}],"about":[{"href":"https:\/\/diarioregionaldigital.com.br\/index.php?rest_route=\/wp\/v2\/types\/post"}],"author":[{"embeddable":true,"href":"https:\/\/diarioregionaldigital.com.br\/index.php?rest_route=\/wp\/v2\/users\/246"}],"replies":[{"embeddable":true,"href":"https:\/\/diarioregionaldigital.com.br\/index.php?rest_route=%2Fwp%2Fv2%2Fcomments&post=204427"}],"version-history":[{"count":1,"href":"https:\/\/diarioregionaldigital.com.br\/index.php?rest_route=\/wp\/v2\/posts\/204427\/revisions"}],"predecessor-version":[{"id":204429,"href":"https:\/\/diarioregionaldigital.com.br\/index.php?rest_route=\/wp\/v2\/posts\/204427\/revisions\/204429"}],"wp:featuredmedia":[{"embeddable":true,"href":"https:\/\/diarioregionaldigital.com.br\/index.php?rest_route=\/wp\/v2\/media\/204428"}],"wp:attachment":[{"href":"https:\/\/diarioregionaldigital.com.br\/index.php?rest_route=%2Fwp%2Fv2%2Fmedia&parent=204427"}],"wp:term":[{"taxonomy":"category","embeddable":true,"href":"https:\/\/diarioregionaldigital.com.br\/index.php?rest_route=%2Fwp%2Fv2%2Fcategories&post=204427"},{"taxonomy":"post_tag","embeddable":true,"href":"https:\/\/diarioregionaldigital.com.br\/index.php?rest_route=%2Fwp%2Fv2%2Ftags&post=204427"}],"curies":[{"name":"wp","href":"https:\/\/api.w.org\/{rel}","templated":true}]}}