{"id":204421,"date":"2022-09-19T15:16:34","date_gmt":"2022-09-19T18:16:34","guid":{"rendered":"https:\/\/diarioregionaldigital.com.br\/?p=204421"},"modified":"2022-09-19T15:16:34","modified_gmt":"2022-09-19T18:16:34","slug":"mercado-financeiro-projeta-inflacao-de-6-em-2022","status":"publish","type":"post","link":"https:\/\/diarioregionaldigital.com.br\/?p=204421","title":{"rendered":"Mercado financeiro projeta infla\u00e7\u00e3o de 6% em 2022"},"content":{"rendered":"<p>Pela d\u00e9cima segunda semana consecutiva o mercado financeiro reduziu a previs\u00e3o para a infla\u00e7\u00e3o em 2022. H\u00e1 uma semana, as proje\u00e7\u00f5es eram de que o \u00cdndice Nacional de Pre\u00e7os ao Consumidor Amplo (IPCA) fecharia o ano em 6,4%. Segundo o boletim Focus divulgado hoje, esse percentual caiu para 6% segundo. H\u00e1 quatro semanas, a previs\u00e3o estava em 6,82%.<img decoding=\"async\" src=\"https:\/\/agenciabrasil.ebc.com.br\/ebc.png?id=1483148&amp;o=node\" \/><img decoding=\"async\" src=\"https:\/\/agenciabrasil.ebc.com.br\/ebc.gif?id=1483148&amp;o=node\" \/><\/p>\n<p>Para os anos subsequentes, a previs\u00e3o do mercado financeiro \u00e9 de que o IPCA feche 2023 em 5,01%; e, em 2024 e 2025, em 3,5 % e 3%, respectivamente.<\/p>\n<h2>PIB e c\u00e2mbio<\/h2>\n<p>As proje\u00e7\u00f5es para o Produto Interno Bruto (PIB &#8211; soma de todas riquezas produzidas no pa\u00eds) subiram dos 2,39% previstos na semana passada para 2,65%, segundo o boletim divulgado hoje.<\/p>\n<p>H\u00e1 quatro semanas, o mercado financeiro projetava um PIB de 2,02%. As proje\u00e7\u00f5es para o PIB de 2023, 2024 e 2025 est\u00e3o, respectivamente, em 0,5%; 1,7%; e 2%.<\/p>\n<p>J\u00e1 as proje\u00e7\u00f5es para o c\u00e2mbio est\u00e3o est\u00e1veis h\u00e1 oito semanas consecutivas, com o mercado prevendo que, ao final do ano, o d\u00f3lar estar\u00e1 custando R$ 5,20 &#8211; o mesmo valor projetado para o final de 2023. Para 2024 e 2025, o boletim Focus projeta que a moeda norte-americana custar\u00e1 R$ 5,11 e R$ 5,15, respectivamente.<\/p>\n<h2>Selic<\/h2>\n<p>Previs\u00f5es de estabilidade para a taxa b\u00e1sica de juros (Selic) neste e nos pr\u00f3ximos anos. H\u00e1 13 semanas seguidas, o mercado projeta que, ao final de 2022, a Selic esteja em 13,75%.<\/p>\n<p>Para 2023, as proje\u00e7\u00f5es da taxa est\u00e3o em 11,25% h\u00e1 duas semanas. H\u00e1 dez semanas as previs\u00f5es da Selic para 2024 est\u00e3o em 8%; e h\u00e1 15 semanas as proje\u00e7\u00f5es est\u00e3o estacionadas em 7,5% para 2025.<\/p>\n<p><span style=\"font-weight: 400;\"><br \/>\n<\/span><span style=\"font-weight: 400;\">Fonte: Ag\u00eancia Brasil <\/span><\/p>\n","protected":false},"excerpt":{"rendered":"<p>Pela d\u00e9cima segunda semana consecutiva o mercado financeiro reduziu a previs\u00e3o para a infla\u00e7\u00e3o em 2022. H\u00e1 uma semana, as proje\u00e7\u00f5es eram de que o \u00cdndice Nacional de Pre\u00e7os ao Consumidor Amplo (IPCA) fecharia o ano em 6,4%. Segundo o boletim Focus divulgado hoje, esse percentual caiu para 6% segundo. H\u00e1 quatro semanas, a previs\u00e3o [&hellip;]<\/p>\n","protected":false},"author":246,"featured_media":204422,"comment_status":"closed","ping_status":"closed","sticky":false,"template":"","format":"standard","meta":{"footnotes":""},"categories":[436,261,439],"tags":[],"class_list":["post-204421","post","type-post","status-publish","format-standard","has-post-thumbnail","hentry","category-destaque-da-semana","category-economia","category-ultima-hora"],"_links":{"self":[{"href":"https:\/\/diarioregionaldigital.com.br\/index.php?rest_route=\/wp\/v2\/posts\/204421","targetHints":{"allow":["GET"]}}],"collection":[{"href":"https:\/\/diarioregionaldigital.com.br\/index.php?rest_route=\/wp\/v2\/posts"}],"about":[{"href":"https:\/\/diarioregionaldigital.com.br\/index.php?rest_route=\/wp\/v2\/types\/post"}],"author":[{"embeddable":true,"href":"https:\/\/diarioregionaldigital.com.br\/index.php?rest_route=\/wp\/v2\/users\/246"}],"replies":[{"embeddable":true,"href":"https:\/\/diarioregionaldigital.com.br\/index.php?rest_route=%2Fwp%2Fv2%2Fcomments&post=204421"}],"version-history":[{"count":1,"href":"https:\/\/diarioregionaldigital.com.br\/index.php?rest_route=\/wp\/v2\/posts\/204421\/revisions"}],"predecessor-version":[{"id":204423,"href":"https:\/\/diarioregionaldigital.com.br\/index.php?rest_route=\/wp\/v2\/posts\/204421\/revisions\/204423"}],"wp:featuredmedia":[{"embeddable":true,"href":"https:\/\/diarioregionaldigital.com.br\/index.php?rest_route=\/wp\/v2\/media\/204422"}],"wp:attachment":[{"href":"https:\/\/diarioregionaldigital.com.br\/index.php?rest_route=%2Fwp%2Fv2%2Fmedia&parent=204421"}],"wp:term":[{"taxonomy":"category","embeddable":true,"href":"https:\/\/diarioregionaldigital.com.br\/index.php?rest_route=%2Fwp%2Fv2%2Fcategories&post=204421"},{"taxonomy":"post_tag","embeddable":true,"href":"https:\/\/diarioregionaldigital.com.br\/index.php?rest_route=%2Fwp%2Fv2%2Ftags&post=204421"}],"curies":[{"name":"wp","href":"https:\/\/api.w.org\/{rel}","templated":true}]}}