{"id":204418,"date":"2022-09-19T15:13:56","date_gmt":"2022-09-19T18:13:56","guid":{"rendered":"https:\/\/diarioregionaldigital.com.br\/?p=204418"},"modified":"2022-09-19T15:13:56","modified_gmt":"2022-09-19T18:13:56","slug":"petrobras-anuncia-reducao-de-r-030-no-diesel","status":"publish","type":"post","link":"https:\/\/diarioregionaldigital.com.br\/?p=204418","title":{"rendered":"Petrobras anuncia redu\u00e7\u00e3o de R$ 0,30 no diesel"},"content":{"rendered":"<p>A Petrobras anunciou hoje (19) a redu\u00e7\u00e3o no pre\u00e7o do diesel A vendido \u00e0s distribuidoras de combust\u00edveis em R$ 0,30, a partir de amanh\u00e3 (20). Com a mudan\u00e7a, o litro do diesel A fornecido pela empresa passar\u00e1 a custar R$ 4,89.<img decoding=\"async\" src=\"https:\/\/agenciabrasil.ebc.com.br\/ebc.png?id=1483200&amp;o=node\" \/><img decoding=\"async\" src=\"https:\/\/agenciabrasil.ebc.com.br\/ebc.gif?id=1483200&amp;o=node\" \/><\/p>\n<p>A queda no pre\u00e7o equivale a 5,78% e, segundo a estatal, &#8220;acompanha a evolu\u00e7\u00e3o dos pre\u00e7os de refer\u00eancia e \u00e9 coerente com sua pr\u00e1tica de pre\u00e7os&#8221;.<\/p>\n<p>A Petrobras explica ainda que, como o diesel vendido nos postos tem uma mistura obrigat\u00f3ria de 20% de biodiesel, a parcela do diesel A no pre\u00e7o final passar\u00e1 de R$ 4,67, em m\u00e9dia, para R$ 4,40, a cada litro vendido.<\/p>\n<p>O pre\u00e7o do diesel comercializado pela Petrobras teve aumento pela \u00faltima vez em 18 de junho, quando chegou a R$ 5,61 o litro. Desde ent\u00e3o, o valor foi reduzido em R$ 0,20, em 5 de agosto; e em R$ 0,22, em 12 de agosto.<\/p>\n<p><span style=\"font-weight: 400;\"><br \/>\n<\/span><span style=\"font-weight: 400;\">Fonte: Ag\u00eancia Brasil\u00a0<\/span><span style=\"font-weight: 400;\"><br \/>\n<\/span><\/p>\n","protected":false},"excerpt":{"rendered":"<p>A Petrobras anunciou hoje (19) a redu\u00e7\u00e3o no pre\u00e7o do diesel A vendido \u00e0s distribuidoras de combust\u00edveis em R$ 0,30, a partir de amanh\u00e3 (20). Com a mudan\u00e7a, o litro do diesel A fornecido pela empresa passar\u00e1 a custar R$ 4,89. A queda no pre\u00e7o equivale a 5,78% e, segundo a estatal, &#8220;acompanha a evolu\u00e7\u00e3o [&hellip;]<\/p>\n","protected":false},"author":246,"featured_media":204419,"comment_status":"closed","ping_status":"closed","sticky":false,"template":"","format":"standard","meta":{"footnotes":""},"categories":[436,261,439],"tags":[],"class_list":["post-204418","post","type-post","status-publish","format-standard","has-post-thumbnail","hentry","category-destaque-da-semana","category-economia","category-ultima-hora"],"_links":{"self":[{"href":"https:\/\/diarioregionaldigital.com.br\/index.php?rest_route=\/wp\/v2\/posts\/204418","targetHints":{"allow":["GET"]}}],"collection":[{"href":"https:\/\/diarioregionaldigital.com.br\/index.php?rest_route=\/wp\/v2\/posts"}],"about":[{"href":"https:\/\/diarioregionaldigital.com.br\/index.php?rest_route=\/wp\/v2\/types\/post"}],"author":[{"embeddable":true,"href":"https:\/\/diarioregionaldigital.com.br\/index.php?rest_route=\/wp\/v2\/users\/246"}],"replies":[{"embeddable":true,"href":"https:\/\/diarioregionaldigital.com.br\/index.php?rest_route=%2Fwp%2Fv2%2Fcomments&post=204418"}],"version-history":[{"count":1,"href":"https:\/\/diarioregionaldigital.com.br\/index.php?rest_route=\/wp\/v2\/posts\/204418\/revisions"}],"predecessor-version":[{"id":204420,"href":"https:\/\/diarioregionaldigital.com.br\/index.php?rest_route=\/wp\/v2\/posts\/204418\/revisions\/204420"}],"wp:featuredmedia":[{"embeddable":true,"href":"https:\/\/diarioregionaldigital.com.br\/index.php?rest_route=\/wp\/v2\/media\/204419"}],"wp:attachment":[{"href":"https:\/\/diarioregionaldigital.com.br\/index.php?rest_route=%2Fwp%2Fv2%2Fmedia&parent=204418"}],"wp:term":[{"taxonomy":"category","embeddable":true,"href":"https:\/\/diarioregionaldigital.com.br\/index.php?rest_route=%2Fwp%2Fv2%2Fcategories&post=204418"},{"taxonomy":"post_tag","embeddable":true,"href":"https:\/\/diarioregionaldigital.com.br\/index.php?rest_route=%2Fwp%2Fv2%2Ftags&post=204418"}],"curies":[{"name":"wp","href":"https:\/\/api.w.org\/{rel}","templated":true}]}}