{"id":204415,"date":"2022-09-19T15:09:06","date_gmt":"2022-09-19T18:09:06","guid":{"rendered":"https:\/\/diarioregionaldigital.com.br\/?p=204415"},"modified":"2022-09-19T15:09:06","modified_gmt":"2022-09-19T18:09:06","slug":"atividade-economica-cresce-06-em-julho-diz-fgv","status":"publish","type":"post","link":"https:\/\/diarioregionaldigital.com.br\/?p=204415","title":{"rendered":"Atividade econ\u00f4mica cresce 0,6% em julho, diz FGV"},"content":{"rendered":"<p>A atividade econ\u00f4mica cresceu 0,6% em julho, em rela\u00e7\u00e3o a junho, de acordo com o Monitor do PIB (Produto Interno Bruto, soma de todos os bens e servi\u00e7os produzidos no pa\u00eds), apurado pela Funda\u00e7\u00e3o Getulio Vargas (FGV) e divulgado hoje (19).<img decoding=\"async\" src=\"https:\/\/agenciabrasil.ebc.com.br\/ebc.png?id=1483226&amp;o=node\" \/><img decoding=\"async\" src=\"https:\/\/agenciabrasil.ebc.com.br\/ebc.gif?id=1483226&amp;o=node\" \/><\/p>\n<p>Na compara\u00e7\u00e3o com julho de 2021, a economia evoluiu 3,1%, enquanto no trimestre m\u00f3vel encerrado em julho a expans\u00e3o foi de 3,3%. Em termos monet\u00e1rios, a estimativa \u00e9 de que o acumulado do PIB at\u00e9 julho de 2022 tenha alcan\u00e7ado, em valores correntes, R$ 5.482.820.<\/p>\n<p>Na avalia\u00e7\u00e3o da coordenadora da pesquisa, Juliana Trece, o crescimento do PIB em julho refletiu, pelo lado da oferta, o desempenho positivo da ind\u00fastria e do setor de servi\u00e7os. \u201cServi\u00e7os est\u00e3o realmente puxando a economia. Mas quando a gente olha pelo lado da demanda, o consumo est\u00e1 mais ainda impositivo; de fato, o consumo de servi\u00e7os\u201d, informou Juliana \u00e0 Ag\u00eancia Brasil.<\/p>\n<p>No entanto, ainda h\u00e1 uma demanda reprimida, salientou. Esses dados indicam que o desempenho da economia em julho foi explicado principalmente pelo consumo, padr\u00e3o que tem sido observado ao longo do ano.<\/p>\n<p>Juliana lembrou que, no segundo semestre, j\u00e1 se esperava o in\u00edcio de uma desacelera\u00e7\u00e3o desse consumo, mas o n\u00famero de julho sinaliza que a economia ainda est\u00e1 sendo aquecida por essa parte de servi\u00e7os.<\/p>\n<blockquote><p>\u201cN\u00e3o sabemos em que momento isso vai desacelerar. A gente tem a expectativa de desacelera\u00e7\u00e3o, por causa do patamar elevado de juros, mas o n\u00famero de julho ainda n\u00e3o mostrou essa expectativa se concretizando\u201d.<\/p><\/blockquote>\n<p>Segundo a economista da FGV, a expectativa \u00e9 de que essa desacelera\u00e7\u00e3o ocorra em algum momento do segundo semestre e, mais forte ainda, em 2023. \u201cJ\u00e1 neste ano, a gente pode sentir essa desacelera\u00e7\u00e3o. Mas, por enquanto, os n\u00fameros n\u00e3o est\u00e3o mostrando isso\u201d.<\/p>\n<h2>Consumo e FBCF<\/h2>\n<p>O Monitor do PIB-FGV mostra que o consumo das fam\u00edlias cresceu 0,5% em julho comparado ao m\u00eas anterior. Na compara\u00e7\u00e3o interanual, houve expans\u00e3o de 3,6% em julho. No trimestre m\u00f3vel findo em julho, a evolu\u00e7\u00e3o foi de 4,3%.<\/p>\n<p>Na compara\u00e7\u00e3o trimestral, a FGV esclareceu que o crescimento se deve ao desempenho do consumo de produtos n\u00e3o dur\u00e1veis e, em especial, pelo consumo de servi\u00e7os. Na mesma compara\u00e7\u00e3o, o consumo de dur\u00e1veis tem contribu\u00eddo negativamente durante todo o ano e o consumo de semidur\u00e1veis apresentou queda em julho, ap\u00f3s quatro trimestres m\u00f3veis consecutivos de crescimento.<\/p>\n<p>Em rela\u00e7\u00e3o \u00e0 forma\u00e7\u00e3o bruta de capital fixo (FBCF), que sinaliza a amplia\u00e7\u00e3o da capacidade produtiva da economia, o Monitor indica que ap\u00f3s cinco trimestres de alta, ela se retraiu em julho (-0,8%), em compara\u00e7\u00e3o a junho.<\/p>\n<p>Na compara\u00e7\u00e3o interanual, a retra\u00e7\u00e3o foi de 0,7% em julho, enquanto no trimestre m\u00f3vel encerrado em julho, houve aumento de 2,3%. Nessa compara\u00e7\u00e3o, o componente de m\u00e1quinas e equipamentos foi o \u00fanico a apresentar queda (-0,5%).<\/p>\n<p>Apesar dessa retra\u00e7\u00e3o, o Monitor destaca que desde o trimestre m\u00f3vel encerrado em fevereiro, as quedas de m\u00e1quinas e equipamentos t\u00eam sido menores do que as observadas nos trimestres m\u00f3veis anteriores.<\/p>\n<h2>Exporta\u00e7\u00e3o e importa\u00e7\u00e3o<\/h2>\n<p>A exporta\u00e7\u00e3o de bens e servi\u00e7os avan\u00e7ou 1,6% em julho, comparado ao m\u00eas anterior. Na compara\u00e7\u00e3o interanual, foi registrado crescimento de 4,7% em julho, com retra\u00e7\u00e3o de 0,7% no trimestre m\u00f3vel findo em julho.<\/p>\n<p>As maiores contribui\u00e7\u00f5es para esse resultado foram as quedas na exporta\u00e7\u00e3o de produtos agropecu\u00e1rios e da extrativa mineral, embora tenha havido crescimento das exporta\u00e7\u00f5es de servi\u00e7os, bens intermedi\u00e1rios, bens de capital e de consumo, explicou Juliana.<\/p>\n<p>\u201cPor mais que tenha havido crescimento em outros segmentos, a exporta\u00e7\u00e3o desses grupos espec\u00edficos de agropecu\u00e1ria e extrativa contribuiu mais para esse n\u00famero negativo. Acabou sendo negativo nesse agregado, contabilizando o que perdeu e o que ganhou, sobressaindo essas quedas\u201d, disse a economista. Chamou a aten\u00e7\u00e3o, por\u00e9m, que em maio, as quedas desses dois grupos (agropecu\u00e1rios e extrativa mineral) estavam mais acentuadas do que em julho.<\/p>\n<p>A importa\u00e7\u00e3o de bens e servi\u00e7os apresentou crescimento de 3,4% em julho comparado a junho. Na compara\u00e7\u00e3o interanual, cresceu 12,3% em julho e 4,6% no trimestre m\u00f3vel findo em julho. De acordo com o Monitor do PIB-FGV, a importa\u00e7\u00e3o de bens de capital e, principalmente, de servi\u00e7os, explicam o resultado positivo das importa\u00e7\u00f5es.<\/p>\n<p><span style=\"font-weight: 400;\">Fonte: Ag\u00eancia Brasil\u00a0<\/span><span style=\"font-weight: 400;\"><br \/>\n<\/span><\/p>\n","protected":false},"excerpt":{"rendered":"<p>A atividade econ\u00f4mica cresceu 0,6% em julho, em rela\u00e7\u00e3o a junho, de acordo com o Monitor do PIB (Produto Interno Bruto, soma de todos os bens e servi\u00e7os produzidos no pa\u00eds), apurado pela Funda\u00e7\u00e3o Getulio Vargas (FGV) e divulgado hoje (19). Na compara\u00e7\u00e3o com julho de 2021, a economia evoluiu 3,1%, enquanto no trimestre m\u00f3vel [&hellip;]<\/p>\n","protected":false},"author":246,"featured_media":204416,"comment_status":"closed","ping_status":"closed","sticky":false,"template":"","format":"standard","meta":{"footnotes":""},"categories":[436,440,261,439],"tags":[],"class_list":["post-204415","post","type-post","status-publish","format-standard","has-post-thumbnail","hentry","category-destaque-da-semana","category-destaques-do-dia","category-economia","category-ultima-hora"],"_links":{"self":[{"href":"https:\/\/diarioregionaldigital.com.br\/index.php?rest_route=\/wp\/v2\/posts\/204415","targetHints":{"allow":["GET"]}}],"collection":[{"href":"https:\/\/diarioregionaldigital.com.br\/index.php?rest_route=\/wp\/v2\/posts"}],"about":[{"href":"https:\/\/diarioregionaldigital.com.br\/index.php?rest_route=\/wp\/v2\/types\/post"}],"author":[{"embeddable":true,"href":"https:\/\/diarioregionaldigital.com.br\/index.php?rest_route=\/wp\/v2\/users\/246"}],"replies":[{"embeddable":true,"href":"https:\/\/diarioregionaldigital.com.br\/index.php?rest_route=%2Fwp%2Fv2%2Fcomments&post=204415"}],"version-history":[{"count":1,"href":"https:\/\/diarioregionaldigital.com.br\/index.php?rest_route=\/wp\/v2\/posts\/204415\/revisions"}],"predecessor-version":[{"id":204417,"href":"https:\/\/diarioregionaldigital.com.br\/index.php?rest_route=\/wp\/v2\/posts\/204415\/revisions\/204417"}],"wp:featuredmedia":[{"embeddable":true,"href":"https:\/\/diarioregionaldigital.com.br\/index.php?rest_route=\/wp\/v2\/media\/204416"}],"wp:attachment":[{"href":"https:\/\/diarioregionaldigital.com.br\/index.php?rest_route=%2Fwp%2Fv2%2Fmedia&parent=204415"}],"wp:term":[{"taxonomy":"category","embeddable":true,"href":"https:\/\/diarioregionaldigital.com.br\/index.php?rest_route=%2Fwp%2Fv2%2Fcategories&post=204415"},{"taxonomy":"post_tag","embeddable":true,"href":"https:\/\/diarioregionaldigital.com.br\/index.php?rest_route=%2Fwp%2Fv2%2Ftags&post=204415"}],"curies":[{"name":"wp","href":"https:\/\/api.w.org\/{rel}","templated":true}]}}