{"id":204400,"date":"2022-09-16T19:14:53","date_gmt":"2022-09-16T22:14:53","guid":{"rendered":"https:\/\/diarioregionaldigital.com.br\/?p=204400"},"modified":"2022-09-16T19:14:53","modified_gmt":"2022-09-16T22:14:53","slug":"com-acoes-preventivas-prefeitura-supera-o-numero-de-podas-de-arvores-de-2021","status":"publish","type":"post","link":"https:\/\/diarioregionaldigital.com.br\/?p=204400","title":{"rendered":"Com a\u00e7\u00f5es preventivas, Prefeitura supera o n\u00famero de podas de \u00e1rvores de 2021"},"content":{"rendered":"<p>Segundo informa\u00e7\u00f5es do site da Prefeitura de Juiz de Fora (PJF), com a aproxima\u00e7\u00e3o do per\u00edodo chuvoso, a Prefeitura de Juiz de Fora (PJF) intensificou as a\u00e7\u00f5es preventivas de poda de \u00e1rvores na cidade. At\u00e9 o dia 10 de setembro deste ano, foram realizadas cerca de 3739 podas, quase 400 a mais do que foi realizado durante todo o ano de 2021.<\/p>\n<p>As podas preventivas s\u00e3o essenciais para minimizar os riscos de acidentes e transtornos com quedas de galhos e \u00e1rvores, j\u00e1 que auxiliam no crescimento saud\u00e1vel das esp\u00e9cies e melhoram a visibilidade nas vias.<\/p>\n<p>O diretor-presidente da Empresa Municipal de Pavimenta\u00e7\u00e3o e Urbanidades (Empav), Richard Tavares, ressalta o aumento da produtividade das equipes de poda de \u00e1rvores. \u201cQuem transita pelas ruas da cidade percebe a diferen\u00e7a que as podas proporcionam nos trechos. Os impactos v\u00e3o al\u00e9m dos visuais e est\u00e9ticos, as podas contribuem para a sa\u00fade dos arbustos, evitam acidentes e preju\u00edzos, al\u00e9m de demonstrar o cuidado com Juiz de Fora\u201d, destaca Richard.<\/p>\n","protected":false},"excerpt":{"rendered":"<p>Segundo informa\u00e7\u00f5es do site da Prefeitura de Juiz de Fora (PJF), com a aproxima\u00e7\u00e3o do per\u00edodo chuvoso, a Prefeitura de Juiz de Fora (PJF) intensificou as a\u00e7\u00f5es preventivas de poda de \u00e1rvores na cidade. At\u00e9 o dia 10 de setembro deste ano, foram realizadas cerca de 3739 podas, quase 400 a mais do que foi [&hellip;]<\/p>\n","protected":false},"author":246,"featured_media":204401,"comment_status":"closed","ping_status":"closed","sticky":false,"template":"","format":"standard","meta":{"footnotes":""},"categories":[253,436,439],"tags":[],"class_list":["post-204400","post","type-post","status-publish","format-standard","has-post-thumbnail","hentry","category-cidade","category-destaque-da-semana","category-ultima-hora"],"_links":{"self":[{"href":"https:\/\/diarioregionaldigital.com.br\/index.php?rest_route=\/wp\/v2\/posts\/204400","targetHints":{"allow":["GET"]}}],"collection":[{"href":"https:\/\/diarioregionaldigital.com.br\/index.php?rest_route=\/wp\/v2\/posts"}],"about":[{"href":"https:\/\/diarioregionaldigital.com.br\/index.php?rest_route=\/wp\/v2\/types\/post"}],"author":[{"embeddable":true,"href":"https:\/\/diarioregionaldigital.com.br\/index.php?rest_route=\/wp\/v2\/users\/246"}],"replies":[{"embeddable":true,"href":"https:\/\/diarioregionaldigital.com.br\/index.php?rest_route=%2Fwp%2Fv2%2Fcomments&post=204400"}],"version-history":[{"count":1,"href":"https:\/\/diarioregionaldigital.com.br\/index.php?rest_route=\/wp\/v2\/posts\/204400\/revisions"}],"predecessor-version":[{"id":204402,"href":"https:\/\/diarioregionaldigital.com.br\/index.php?rest_route=\/wp\/v2\/posts\/204400\/revisions\/204402"}],"wp:featuredmedia":[{"embeddable":true,"href":"https:\/\/diarioregionaldigital.com.br\/index.php?rest_route=\/wp\/v2\/media\/204401"}],"wp:attachment":[{"href":"https:\/\/diarioregionaldigital.com.br\/index.php?rest_route=%2Fwp%2Fv2%2Fmedia&parent=204400"}],"wp:term":[{"taxonomy":"category","embeddable":true,"href":"https:\/\/diarioregionaldigital.com.br\/index.php?rest_route=%2Fwp%2Fv2%2Fcategories&post=204400"},{"taxonomy":"post_tag","embeddable":true,"href":"https:\/\/diarioregionaldigital.com.br\/index.php?rest_route=%2Fwp%2Fv2%2Ftags&post=204400"}],"curies":[{"name":"wp","href":"https:\/\/api.w.org\/{rel}","templated":true}]}}