{"id":204397,"date":"2022-09-16T19:12:57","date_gmt":"2022-09-16T22:12:57","guid":{"rendered":"https:\/\/diarioregionaldigital.com.br\/?p=204397"},"modified":"2022-09-16T19:12:57","modified_gmt":"2022-09-16T22:12:57","slug":"novo-transporte-publico-de-jf-20-onibus-zero-quilometro-comecam-a-operar-na-proxima-terca-feira-20","status":"publish","type":"post","link":"https:\/\/diarioregionaldigital.com.br\/?p=204397","title":{"rendered":"Novo Transporte P\u00fablico de JF \u2013 20 \u00f4nibus zero-quil\u00f4metro come\u00e7am a operar na pr\u00f3xima ter\u00e7a-feira, 20"},"content":{"rendered":"<p>Segundo informa\u00e7\u00f5es do site da Prefeitura de Juiz de Fora (PJF), uma nova realidade do transporte coletivo urbano de Juiz de Fora come\u00e7a a se concretizar com a chegada de ve\u00edculos zero-quil\u00f4metro que est\u00e3o sendo incorporados \u00e0 frota atual a partir da pr\u00f3xima semana, quando mais 16 linhas ser\u00e3o transferidas do Cons\u00f3rcio Manchester para o Via JF j\u00e1 na ter\u00e7a-feira, 20. Os novos \u00f4nibus est\u00e3o passando por vistorias e regulamenta\u00e7\u00e3o de documentos para entrarem em opera\u00e7\u00e3o. Tamb\u00e9m a partir de ter\u00e7a-feira, novos 20 carros entram na opera\u00e7\u00e3o do sistema em Juiz de Fora.<\/p>\n<p>Na manh\u00e3 desta sexta-feira, 16, a prefeita Margarida Salom\u00e3o e o secret\u00e1rio de Mobilidade Urbana, Tadeu David, foram conferir parte da nova frota na garagem da Via\u00e7\u00e3o S\u00e3o Francisco, empresa integrante do Cons\u00f3rcio Via JF, junto com a Auto Nossa Senhora de Aparecida (Ansal), que foi a respons\u00e1vel por adquirir os novos ve\u00edculos. \u201cAt\u00e9 domingo, 25, chegar\u00e3o em Juiz de Fora 170 \u00f4nibus zero-quil\u00f4metro. Isso \u00e9 um ganho de qualidade extraordin\u00e1rio para a popula\u00e7\u00e3o que vinha sofrendo com \u00f4nibus que quebravam, caindo aos peda\u00e7os, sem condi\u00e7\u00f5es de prestar servi\u00e7o. Agora ter\u00e3o \u00f4nibus zero, novinho. \u00c9 preciso ressaltar que n\u00f3s n\u00e3o vamos melhorar s\u00f3 a qualidade dos carros, n\u00f3s vamos melhorar tamb\u00e9m a qualidade do servi\u00e7o. N\u00f3s vamos dar um choque de qualidade neste sistema\u201d, garantiu a prefeita.<\/p>\n<p><strong><a href=\"https:\/\/www.instagram.com\/p\/Cik1w4nulh4\/\">Assista ao v\u00eddeo<\/a><\/strong><\/p>\n<p>\u201cEstamos trabalhando com muita dedica\u00e7\u00e3o, muito afinco, para que possamos ter um transporte p\u00fablico de qualidade em Juiz de Fora, que d\u00ea seguran\u00e7a para as pessoas, que cumpram os seus hor\u00e1rios e trajetos, e que possam servir \u00e0 popula\u00e7\u00e3o\u201d, complementou o secret\u00e1rio.<\/p>\n<p>Na ter\u00e7a-feira, as seguintes linhas passam a ser operadas pelo Cons\u00f3rcio Via JF: 305 (Jardim Esperan\u00e7a\/Centro); 307 (Retiro\/Jardim Esperan\u00e7a\/ Floresta); 308 (Retiro); 309 (Terras Altas); 315 (Jardim Esperan\u00e7a) 402 (Graja\u00fa) 423 (Bom Jardim) 425 (Linhares) 427 (Linhares) 430 (S\u00e3o Sebasti\u00e3o \u2013 Via Bonsucesso) 432 (S\u00e3o Benedito) 433 (Vila Alpina) 435 (Linhares) 436 (linhares); 443 (Nossa Senhora de Lourdes); e 447 (Nossa Senhora de Lourdes).<\/p>\n","protected":false},"excerpt":{"rendered":"<p>Segundo informa\u00e7\u00f5es do site da Prefeitura de Juiz de Fora (PJF), uma nova realidade do transporte coletivo urbano de Juiz de Fora come\u00e7a a se concretizar com a chegada de ve\u00edculos zero-quil\u00f4metro que est\u00e3o sendo incorporados \u00e0 frota atual a partir da pr\u00f3xima semana, quando mais 16 linhas ser\u00e3o transferidas do Cons\u00f3rcio Manchester para o [&hellip;]<\/p>\n","protected":false},"author":246,"featured_media":204398,"comment_status":"closed","ping_status":"closed","sticky":false,"template":"","format":"standard","meta":{"footnotes":""},"categories":[253,436,439],"tags":[],"class_list":["post-204397","post","type-post","status-publish","format-standard","has-post-thumbnail","hentry","category-cidade","category-destaque-da-semana","category-ultima-hora"],"_links":{"self":[{"href":"https:\/\/diarioregionaldigital.com.br\/index.php?rest_route=\/wp\/v2\/posts\/204397","targetHints":{"allow":["GET"]}}],"collection":[{"href":"https:\/\/diarioregionaldigital.com.br\/index.php?rest_route=\/wp\/v2\/posts"}],"about":[{"href":"https:\/\/diarioregionaldigital.com.br\/index.php?rest_route=\/wp\/v2\/types\/post"}],"author":[{"embeddable":true,"href":"https:\/\/diarioregionaldigital.com.br\/index.php?rest_route=\/wp\/v2\/users\/246"}],"replies":[{"embeddable":true,"href":"https:\/\/diarioregionaldigital.com.br\/index.php?rest_route=%2Fwp%2Fv2%2Fcomments&post=204397"}],"version-history":[{"count":1,"href":"https:\/\/diarioregionaldigital.com.br\/index.php?rest_route=\/wp\/v2\/posts\/204397\/revisions"}],"predecessor-version":[{"id":204399,"href":"https:\/\/diarioregionaldigital.com.br\/index.php?rest_route=\/wp\/v2\/posts\/204397\/revisions\/204399"}],"wp:featuredmedia":[{"embeddable":true,"href":"https:\/\/diarioregionaldigital.com.br\/index.php?rest_route=\/wp\/v2\/media\/204398"}],"wp:attachment":[{"href":"https:\/\/diarioregionaldigital.com.br\/index.php?rest_route=%2Fwp%2Fv2%2Fmedia&parent=204397"}],"wp:term":[{"taxonomy":"category","embeddable":true,"href":"https:\/\/diarioregionaldigital.com.br\/index.php?rest_route=%2Fwp%2Fv2%2Fcategories&post=204397"},{"taxonomy":"post_tag","embeddable":true,"href":"https:\/\/diarioregionaldigital.com.br\/index.php?rest_route=%2Fwp%2Fv2%2Ftags&post=204397"}],"curies":[{"name":"wp","href":"https:\/\/api.w.org\/{rel}","templated":true}]}}