{"id":204394,"date":"2022-09-16T19:11:18","date_gmt":"2022-09-16T22:11:18","guid":{"rendered":"https:\/\/diarioregionaldigital.com.br\/?p=204394"},"modified":"2022-09-16T19:11:18","modified_gmt":"2022-09-16T22:11:18","slug":"procon-divulga-lista-das-dez-empresas-mais-reclamadas-no-orgao-no-segundo-semestre-de-2022","status":"publish","type":"post","link":"https:\/\/diarioregionaldigital.com.br\/?p=204394","title":{"rendered":"Procon divulga lista das dez empresas mais reclamadas no \u00f3rg\u00e3o no segundo semestre de 2022"},"content":{"rendered":"<p>Segundo informa\u00e7\u00f5es do site da Prefeitura de Juiz de Fora (PJF), em cumprimento \u00e0s normas vigentes, a Ag\u00eancia de Prote\u00e7\u00e3o e Defesa do Consumidor (Procon\/JF) da Prefeitura de Juiz de Fora (PJF) divulgou o ranking das dez empresas que geraram maior n\u00famero de reclama\u00e7\u00f5es, considerando os \u00faltimos seis meses de 2022.<\/p>\n<p>No levantamento geral, a empresa de telefonia OI S.A. lidera a lista, seguida pela Cemig Distribui\u00e7\u00e3o que presta servi\u00e7os de energia. Os dados do Sistema Nacional de Informa\u00e7\u00f5es de Defesa do Consumidor (Sindec) do Procon\/JF mostram 10.644 atendimentos registrados nos \u00faltimos seis meses, sendo que a OI S.A. recebeu, no total, 938 reclama\u00e7\u00f5es. Na segunda posi\u00e7\u00e3o, \u201cCemig Distribui\u00e7\u00e3o S\/A\u201d, com 484 queixas. Em terceiro lugar, a Claro S.A. com 438 atendimentos.<\/p>\n<p><a href=\"https:\/\/www.pjf.mg.gov.br\/administracao_indireta\/procon\/reclamacoes_fundamentadas\/ranking\/index.php\"><strong>Confira a lista completa<\/strong><\/a><\/p>\n","protected":false},"excerpt":{"rendered":"<p>Segundo informa\u00e7\u00f5es do site da Prefeitura de Juiz de Fora (PJF), em cumprimento \u00e0s normas vigentes, a Ag\u00eancia de Prote\u00e7\u00e3o e Defesa do Consumidor (Procon\/JF) da Prefeitura de Juiz de Fora (PJF) divulgou o ranking das dez empresas que geraram maior n\u00famero de reclama\u00e7\u00f5es, considerando os \u00faltimos seis meses de 2022. No levantamento geral, a [&hellip;]<\/p>\n","protected":false},"author":246,"featured_media":204395,"comment_status":"closed","ping_status":"closed","sticky":false,"template":"","format":"standard","meta":{"footnotes":""},"categories":[253,436,439],"tags":[],"class_list":["post-204394","post","type-post","status-publish","format-standard","has-post-thumbnail","hentry","category-cidade","category-destaque-da-semana","category-ultima-hora"],"_links":{"self":[{"href":"https:\/\/diarioregionaldigital.com.br\/index.php?rest_route=\/wp\/v2\/posts\/204394","targetHints":{"allow":["GET"]}}],"collection":[{"href":"https:\/\/diarioregionaldigital.com.br\/index.php?rest_route=\/wp\/v2\/posts"}],"about":[{"href":"https:\/\/diarioregionaldigital.com.br\/index.php?rest_route=\/wp\/v2\/types\/post"}],"author":[{"embeddable":true,"href":"https:\/\/diarioregionaldigital.com.br\/index.php?rest_route=\/wp\/v2\/users\/246"}],"replies":[{"embeddable":true,"href":"https:\/\/diarioregionaldigital.com.br\/index.php?rest_route=%2Fwp%2Fv2%2Fcomments&post=204394"}],"version-history":[{"count":1,"href":"https:\/\/diarioregionaldigital.com.br\/index.php?rest_route=\/wp\/v2\/posts\/204394\/revisions"}],"predecessor-version":[{"id":204396,"href":"https:\/\/diarioregionaldigital.com.br\/index.php?rest_route=\/wp\/v2\/posts\/204394\/revisions\/204396"}],"wp:featuredmedia":[{"embeddable":true,"href":"https:\/\/diarioregionaldigital.com.br\/index.php?rest_route=\/wp\/v2\/media\/204395"}],"wp:attachment":[{"href":"https:\/\/diarioregionaldigital.com.br\/index.php?rest_route=%2Fwp%2Fv2%2Fmedia&parent=204394"}],"wp:term":[{"taxonomy":"category","embeddable":true,"href":"https:\/\/diarioregionaldigital.com.br\/index.php?rest_route=%2Fwp%2Fv2%2Fcategories&post=204394"},{"taxonomy":"post_tag","embeddable":true,"href":"https:\/\/diarioregionaldigital.com.br\/index.php?rest_route=%2Fwp%2Fv2%2Ftags&post=204394"}],"curies":[{"name":"wp","href":"https:\/\/api.w.org\/{rel}","templated":true}]}}