{"id":204391,"date":"2022-09-16T19:08:13","date_gmt":"2022-09-16T22:08:13","guid":{"rendered":"https:\/\/diarioregionaldigital.com.br\/?p=204391"},"modified":"2022-09-16T19:08:13","modified_gmt":"2022-09-16T22:08:13","slug":"prefeita-visita-local-da-futura-ubs-manoel-honorio","status":"publish","type":"post","link":"https:\/\/diarioregionaldigital.com.br\/?p=204391","title":{"rendered":"Prefeita visita local da futura UBS Manoel Hon\u00f3rio"},"content":{"rendered":"<p>Segundo informa\u00e7\u00f5es do site da Prefeitura de Juiz de Fora (PJF), nesta sexta-feira, 16, a prefeita Margarida Salom\u00e3o visitou o local onde ser\u00e1 constru\u00edda e instalada a nova Unidade B\u00e1sica de Sa\u00fade (UBS) Manoel Hon\u00f3rio. A unidade ser\u00e1 um bra\u00e7o da UBS Leste e, em conjunto, ter\u00e3o cinco equipes de sa\u00fade da fam\u00edlia para prestar atendimento \u00e0 popula\u00e7\u00e3o dos bairros Vitorino Braga, Manoel Hon\u00f3rio, Centen\u00e1rio, Bairu, Ladeira e Santos Anjos.<\/p>\n<p>Segundo a prefeita, \u201cessa UBS, conectada \u00e0 grande unidade da Avenida Brasil, vai atender um conjunto de 20 mil pessoas. Essa \u00e9 uma unidade j\u00e1 dentro de um novo padr\u00e3o. Entre ela e a Leste, n\u00f3s vamos atender com cinco equipes de Sa\u00fade da Fam\u00edlia. Iremos desencadear imediatamente esta licita\u00e7\u00e3o, afinal de contas, j\u00e1 estamos em condi\u00e7\u00e3o, e eu espero que a gente consiga inaugurar essa UBs j\u00e1 no ano que vem\u201d.<\/p>\n<p>A Prefeitura de Juiz de Fora (PJF) j\u00e1 disp\u00f5e do recurso para a constru\u00e7\u00e3o da unidade, um valor aproximado de R$ 2.300.000,00, oriundo de emendas parlamentares do ent\u00e3o mandato de Margarida enquanto deputada federal e de outros parlamentares.<\/p>\n<p>O secret\u00e1rio de sa\u00fade, Ivan Chebli, afirma que \u201cessa UBS \u00e9 uma demanda hist\u00f3rica da comunidade de Manoel Hon\u00f3rio e entorno e vai propiciar a amplia\u00e7\u00e3o da cobertura da aten\u00e7\u00e3o b\u00e1sica. N\u00f3s contaremos aqui com duas a tr\u00eas equipes de sa\u00fade da fam\u00edlia. Junto a essa iniciativa, temos o projeto de constru\u00e7\u00e3o da UBS Leste, ou seja, toda essa regi\u00e3o vai ter um aumento de cobertura substancial, permitindo que essa popula\u00e7\u00e3o n\u00e3o tenha mais que se deslocar para as UPAs, Unidade Regional Leste e HPS, desafogando tamb\u00e9m essas unidades de Urg\u00eancia e Emerg\u00eancia, e reduzindo a agudiza\u00e7\u00e3o de doen\u00e7as, pois as pessoas ser\u00e3o acompanhadas aqui\u201d.<\/p>\n<p>O vereador Luiz Ot\u00e1vio Fernandes Coelho, o Pardal, destacou que esta foi uma \u201cmanh\u00e3 especial\u00edssima para os moradores dos bairros Bairu, Manoel Hon\u00f3rio, Centen\u00e1rio, e entorno. S\u00f3 tivemos essa oportunidade gra\u00e7as \u00e0 sensibilidade da prefeita Margarida Salom\u00e3o\u201d.<\/p>\n<p>O presidente da Associa\u00e7\u00e3o de Moradores dos bairros Manoel Hon\u00f3rio e Bairu, Eraldo Rold\u00e3o Salgado, apontou que \u201c foi uma luta de 30, 40 anos, para que fosse feita a constru\u00e7\u00e3o desta UBS e, dessa vez, a gente conseguiu. A gente tinha terreno, projeto, e faltava dinheiro. Agora a gente tem terreno, projeto e dinheiro. Faltava vontade pol\u00edtica, a prefeita veio a\u00ed e falou que ano que vem vai entregar. Ent\u00e3o, queremos agradecer\u201d.<\/p>\n<p><strong>UBS Manoel Hon\u00f3rio<\/strong><\/p>\n<p>O espa\u00e7o f\u00edsico da unidade atender\u00e1 integralmente as normas de vigil\u00e2ncia sanit\u00e1ria, seguran\u00e7a do corpo de bombeiros e acessibilidade para pessoas com defici\u00eancia f\u00edsica. O pr\u00e9dio ser\u00e1 constru\u00eddo dentro de t\u00e9cnicas modernas, constitu\u00edda por tr\u00eas pavimentos.<\/p>\n<p>O projeto da nova UBS tamb\u00e9m \u00e9 composto por sala de espera confort\u00e1vel para 36 pessoas, sanit\u00e1rios adaptados, balc\u00e3o de recep\u00e7\u00e3o, farm\u00e1cia, sala de vacinas, sala de coleta, enfermagem, curativos e cuidados b\u00e1sicos. Oito consult\u00f3rios no total, sendo dois ginecol\u00f3gicos com sanit\u00e1rio. Cl\u00ednica odontol\u00f3gica, com tr\u00eas cadeiras para dentistas, escov\u00e1rio, grande audit\u00f3rio para reuni\u00f5es da equipe e do conselho municipal de sa\u00fade para at\u00e9 50 pessoas.<\/p>\n<p>Entre as novidades, teremos uma plataforma elevat\u00f3ria para cadeirantes para total acessibilidade. Al\u00e9m disso, a unidade contar\u00e1 com sala de Agentes Comunit\u00e1rios de Sa\u00fade (ACS), sala de digita\u00e7\u00e3o, banheiros e sanit\u00e1rios, central de material esterilizado, almoxarifado, copa e dep\u00f3sitos.<\/p>\n<p><span style=\"font-weight: 400;\">Fonte: Ag\u00eancia Brasil<\/span><\/p>\n","protected":false},"excerpt":{"rendered":"<p>Segundo informa\u00e7\u00f5es do site da Prefeitura de Juiz de Fora (PJF), nesta sexta-feira, 16, a prefeita Margarida Salom\u00e3o visitou o local onde ser\u00e1 constru\u00edda e instalada a nova Unidade B\u00e1sica de Sa\u00fade (UBS) Manoel Hon\u00f3rio. A unidade ser\u00e1 um bra\u00e7o da UBS Leste e, em conjunto, ter\u00e3o cinco equipes de sa\u00fade da fam\u00edlia para prestar [&hellip;]<\/p>\n","protected":false},"author":246,"featured_media":204392,"comment_status":"closed","ping_status":"closed","sticky":false,"template":"","format":"standard","meta":{"footnotes":""},"categories":[253,436,440,439],"tags":[],"class_list":["post-204391","post","type-post","status-publish","format-standard","has-post-thumbnail","hentry","category-cidade","category-destaque-da-semana","category-destaques-do-dia","category-ultima-hora"],"_links":{"self":[{"href":"https:\/\/diarioregionaldigital.com.br\/index.php?rest_route=\/wp\/v2\/posts\/204391","targetHints":{"allow":["GET"]}}],"collection":[{"href":"https:\/\/diarioregionaldigital.com.br\/index.php?rest_route=\/wp\/v2\/posts"}],"about":[{"href":"https:\/\/diarioregionaldigital.com.br\/index.php?rest_route=\/wp\/v2\/types\/post"}],"author":[{"embeddable":true,"href":"https:\/\/diarioregionaldigital.com.br\/index.php?rest_route=\/wp\/v2\/users\/246"}],"replies":[{"embeddable":true,"href":"https:\/\/diarioregionaldigital.com.br\/index.php?rest_route=%2Fwp%2Fv2%2Fcomments&post=204391"}],"version-history":[{"count":1,"href":"https:\/\/diarioregionaldigital.com.br\/index.php?rest_route=\/wp\/v2\/posts\/204391\/revisions"}],"predecessor-version":[{"id":204393,"href":"https:\/\/diarioregionaldigital.com.br\/index.php?rest_route=\/wp\/v2\/posts\/204391\/revisions\/204393"}],"wp:featuredmedia":[{"embeddable":true,"href":"https:\/\/diarioregionaldigital.com.br\/index.php?rest_route=\/wp\/v2\/media\/204392"}],"wp:attachment":[{"href":"https:\/\/diarioregionaldigital.com.br\/index.php?rest_route=%2Fwp%2Fv2%2Fmedia&parent=204391"}],"wp:term":[{"taxonomy":"category","embeddable":true,"href":"https:\/\/diarioregionaldigital.com.br\/index.php?rest_route=%2Fwp%2Fv2%2Fcategories&post=204391"},{"taxonomy":"post_tag","embeddable":true,"href":"https:\/\/diarioregionaldigital.com.br\/index.php?rest_route=%2Fwp%2Fv2%2Ftags&post=204391"}],"curies":[{"name":"wp","href":"https:\/\/api.w.org\/{rel}","templated":true}]}}