{"id":204388,"date":"2022-09-16T19:02:46","date_gmt":"2022-09-16T22:02:46","guid":{"rendered":"https:\/\/diarioregionaldigital.com.br\/?p=204388"},"modified":"2022-09-16T19:02:46","modified_gmt":"2022-09-16T22:02:46","slug":"copa-do-brasil-corinthians-vence-fluminense-e-pega-flamengo-na-final","status":"publish","type":"post","link":"https:\/\/diarioregionaldigital.com.br\/?p=204388","title":{"rendered":"Copa do Brasil: Corinthians vence Fluminense e pega Flamengo na final"},"content":{"rendered":"<p>O Corinthians garantiu presen\u00e7a na final da Copa do Brasil ap\u00f3s derrotar o Fluminense por 3 a 0, na noite desta quinta-feira (15) na Neo Qu\u00edmica Arena, no segundo jogo da semifinal. Agora, o Tim\u00e3o mede for\u00e7as com o Flamengo na decis\u00e3o da competi\u00e7\u00e3o, que ser\u00e1 disputada nos dias 12 e 19 de outubro.<img decoding=\"async\" src=\"https:\/\/agenciabrasil.ebc.com.br\/ebc.png?id=1482657&amp;o=node\" \/><img decoding=\"async\" src=\"https:\/\/agenciabrasil.ebc.com.br\/ebc.gif?id=1482657&amp;o=node\" \/><\/p>\n<p>Esta \u00e9 a s\u00e9tima oportunidade na qual a equipe do Parque S\u00e3o Jorge chega a uma decis\u00e3o de Copa do Brasil, competi\u00e7\u00e3o que venceu em 1995, 2002 e 2009.<\/p>\n<p>Empurrado por sua apaixonada torcida, o Corinthians partiu em busca da vit\u00f3ria nos 90 minutos (o que lhe garantiria a vaga na final ap\u00f3s o 2 a 2 na ida) e come\u00e7ou o confronto adiantando as suas linhas e n\u00e3o deixando o Fluminense confort\u00e1vel. Com isso, o Tim\u00e3o criou as melhores oportunidades de marcar da primeira etapa, abrindo o placar em uma falha de sa\u00edda do Tricolor.<\/p>\n<p>Aos 33 minutos o goleiro F\u00e1bio saiu com um chut\u00e3o, Balbuena ganhou no alto e mandou para R\u00f3ger Guedes, que escorou de primeira para Renato Augusto, que, da entrada da \u00e1rea, acertou um belo chute.<\/p>\n<p>Do outro lado do gramado, o Tricolor das Laranjeiras apresentou muito pouco, e chegou \u00e0 oportunidade mais clara aos 14 minutos da etapa final, em cobran\u00e7a de falta de Arias que parou no travess\u00e3o do gol defendido por C\u00e1ssio.<\/p>\n<p>O Corinthians era claramente superior ao Fluminense, que adiantou as suas linhas e deu espa\u00e7os para o contra-ataque advers\u00e1rio. E, de tanto tentar, o Tim\u00e3o ampliou o marcador nos \u00faltimos minutos.<\/p>\n<p>Aos 45 minutos Giuliano garantiu o segundo em chute de dentro da \u00e1rea, ap\u00f3s receber passe de Adson, e j\u00e1 aos 48 o Corinthians chegou ao terceiro quando Felipe Melo errou corte.<\/p>\n<h2>Final com o Flamengo<\/h2>\n<p>Agora, o Corinthians encontra o Flamengo na decis\u00e3o da Copa do Brasil. Esta ser\u00e1 a segunda oportunidade na qual o Tim\u00e3o e o Rubro-Negro medem for\u00e7as na final de uma competi\u00e7\u00e3o nacional, ap\u00f3s o t\u00edtulo dos paulistas na Supercopa do Brasil de 1991.<\/p>\n<p><span style=\"font-weight: 400;\"><br \/>\n<\/span><span style=\"font-weight: 400;\">Fonte: Ag\u00eancia Brasil<\/span><\/p>\n","protected":false},"excerpt":{"rendered":"<p>O Corinthians garantiu presen\u00e7a na final da Copa do Brasil ap\u00f3s derrotar o Fluminense por 3 a 0, na noite desta quinta-feira (15) na Neo Qu\u00edmica Arena, no segundo jogo da semifinal. Agora, o Tim\u00e3o mede for\u00e7as com o Flamengo na decis\u00e3o da competi\u00e7\u00e3o, que ser\u00e1 disputada nos dias 12 e 19 de outubro. Esta [&hellip;]<\/p>\n","protected":false},"author":246,"featured_media":204389,"comment_status":"closed","ping_status":"closed","sticky":false,"template":"","format":"standard","meta":{"footnotes":""},"categories":[436,257,439],"tags":[],"class_list":["post-204388","post","type-post","status-publish","format-standard","has-post-thumbnail","hentry","category-destaque-da-semana","category-esporte","category-ultima-hora"],"_links":{"self":[{"href":"https:\/\/diarioregionaldigital.com.br\/index.php?rest_route=\/wp\/v2\/posts\/204388","targetHints":{"allow":["GET"]}}],"collection":[{"href":"https:\/\/diarioregionaldigital.com.br\/index.php?rest_route=\/wp\/v2\/posts"}],"about":[{"href":"https:\/\/diarioregionaldigital.com.br\/index.php?rest_route=\/wp\/v2\/types\/post"}],"author":[{"embeddable":true,"href":"https:\/\/diarioregionaldigital.com.br\/index.php?rest_route=\/wp\/v2\/users\/246"}],"replies":[{"embeddable":true,"href":"https:\/\/diarioregionaldigital.com.br\/index.php?rest_route=%2Fwp%2Fv2%2Fcomments&post=204388"}],"version-history":[{"count":1,"href":"https:\/\/diarioregionaldigital.com.br\/index.php?rest_route=\/wp\/v2\/posts\/204388\/revisions"}],"predecessor-version":[{"id":204390,"href":"https:\/\/diarioregionaldigital.com.br\/index.php?rest_route=\/wp\/v2\/posts\/204388\/revisions\/204390"}],"wp:featuredmedia":[{"embeddable":true,"href":"https:\/\/diarioregionaldigital.com.br\/index.php?rest_route=\/wp\/v2\/media\/204389"}],"wp:attachment":[{"href":"https:\/\/diarioregionaldigital.com.br\/index.php?rest_route=%2Fwp%2Fv2%2Fmedia&parent=204388"}],"wp:term":[{"taxonomy":"category","embeddable":true,"href":"https:\/\/diarioregionaldigital.com.br\/index.php?rest_route=%2Fwp%2Fv2%2Fcategories&post=204388"},{"taxonomy":"post_tag","embeddable":true,"href":"https:\/\/diarioregionaldigital.com.br\/index.php?rest_route=%2Fwp%2Fv2%2Ftags&post=204388"}],"curies":[{"name":"wp","href":"https:\/\/api.w.org\/{rel}","templated":true}]}}