{"id":204382,"date":"2022-09-16T18:50:11","date_gmt":"2022-09-16T21:50:11","guid":{"rendered":"https:\/\/diarioregionaldigital.com.br\/?p=204382"},"modified":"2022-09-16T18:50:11","modified_gmt":"2022-09-16T21:50:11","slug":"jhennifer-conceicao-bate-recorde-sul-americano-nos-50-m-estilo-peito","status":"publish","type":"post","link":"https:\/\/diarioregionaldigital.com.br\/?p=204382","title":{"rendered":"Jhennifer Concei\u00e7\u00e3o bate recorde sul-americano nos 50 m estilo peito"},"content":{"rendered":"<p>A carioca Jhennifer Concei\u00e7\u00e3o bateu o recorde sul-americano dos 50 metros estilo peito, nesta quinta-feira (15) no Trof\u00e9u Jos\u00e9 Finkel 2022, que est\u00e1 sendo disputado em Recife. Para garantir a marca, a atleta do Pinheiros completou a prova em 29s87.<img decoding=\"async\" src=\"https:\/\/agenciabrasil.ebc.com.br\/ebc.png?id=1482676&amp;o=node\" \/><img decoding=\"async\" src=\"https:\/\/agenciabrasil.ebc.com.br\/ebc.gif?id=1482676&amp;o=node\" \/><\/p>\n<p>\u201cFeliz com a marca, mas, claro, nadei para alcan\u00e7ar o \u00edndice. Acredito que esse meu tempo esteja entre os melhores do \u00faltimo Mundial. Por\u00e9m, \u00e9 muito importante para mim mais um recorde sul-americano e para o clube tamb\u00e9m\u201d, declarou Jhennifer.<\/p>\n<p>Quem tamb\u00e9m brilhou na competi\u00e7\u00e3o foi o experiente Jo\u00e3o Gomes Junior, que ficou com o ouro na vers\u00e3o masculina da prova com a marca de 25s86. Este tempo lhe deu o \u00edndice para a disputa de mais um Mundial de piscina curta.<\/p>\n<p>\u201cMuito feliz com a marca. Gostaria de agradecer ao Pinheiros, toda equipe de apoio e ao povo de Recife que nos recebe muito bem aqui. O calor humano \u00e9 muito bom. N\u00e3o virei muito bem, mas, aos 36 anos, a gente continua aprendendo. O esporte \u00e9 isso\u201d, afirmou o atleta do Pinheiros.<\/p>\n<p><span style=\"font-weight: 400;\">Fonte: Ag\u00eancia Brasil<\/span><\/p>\n","protected":false},"excerpt":{"rendered":"<p>A carioca Jhennifer Concei\u00e7\u00e3o bateu o recorde sul-americano dos 50 metros estilo peito, nesta quinta-feira (15) no Trof\u00e9u Jos\u00e9 Finkel 2022, que est\u00e1 sendo disputado em Recife. Para garantir a marca, a atleta do Pinheiros completou a prova em 29s87. \u201cFeliz com a marca, mas, claro, nadei para alcan\u00e7ar o \u00edndice. Acredito que esse meu [&hellip;]<\/p>\n","protected":false},"author":246,"featured_media":204383,"comment_status":"closed","ping_status":"closed","sticky":false,"template":"","format":"standard","meta":{"footnotes":""},"categories":[436,257,439],"tags":[],"class_list":["post-204382","post","type-post","status-publish","format-standard","has-post-thumbnail","hentry","category-destaque-da-semana","category-esporte","category-ultima-hora"],"_links":{"self":[{"href":"https:\/\/diarioregionaldigital.com.br\/index.php?rest_route=\/wp\/v2\/posts\/204382","targetHints":{"allow":["GET"]}}],"collection":[{"href":"https:\/\/diarioregionaldigital.com.br\/index.php?rest_route=\/wp\/v2\/posts"}],"about":[{"href":"https:\/\/diarioregionaldigital.com.br\/index.php?rest_route=\/wp\/v2\/types\/post"}],"author":[{"embeddable":true,"href":"https:\/\/diarioregionaldigital.com.br\/index.php?rest_route=\/wp\/v2\/users\/246"}],"replies":[{"embeddable":true,"href":"https:\/\/diarioregionaldigital.com.br\/index.php?rest_route=%2Fwp%2Fv2%2Fcomments&post=204382"}],"version-history":[{"count":1,"href":"https:\/\/diarioregionaldigital.com.br\/index.php?rest_route=\/wp\/v2\/posts\/204382\/revisions"}],"predecessor-version":[{"id":204384,"href":"https:\/\/diarioregionaldigital.com.br\/index.php?rest_route=\/wp\/v2\/posts\/204382\/revisions\/204384"}],"wp:featuredmedia":[{"embeddable":true,"href":"https:\/\/diarioregionaldigital.com.br\/index.php?rest_route=\/wp\/v2\/media\/204383"}],"wp:attachment":[{"href":"https:\/\/diarioregionaldigital.com.br\/index.php?rest_route=%2Fwp%2Fv2%2Fmedia&parent=204382"}],"wp:term":[{"taxonomy":"category","embeddable":true,"href":"https:\/\/diarioregionaldigital.com.br\/index.php?rest_route=%2Fwp%2Fv2%2Fcategories&post=204382"},{"taxonomy":"post_tag","embeddable":true,"href":"https:\/\/diarioregionaldigital.com.br\/index.php?rest_route=%2Fwp%2Fv2%2Ftags&post=204382"}],"curies":[{"name":"wp","href":"https:\/\/api.w.org\/{rel}","templated":true}]}}